{"id":455,"date":"2020-10-02T18:43:35","date_gmt":"2020-10-02T18:43:35","guid":{"rendered":"https:\/\/www.leoschule-luenen.de\/?p=455"},"modified":"2021-09-23T15:21:13","modified_gmt":"2021-09-23T15:21:13","slug":"autorenlesung-mit-andrea-karime-2020","status":"publish","type":"post","link":"https:\/\/www.leoschule-luenen.de\/index.php\/2020\/10\/02\/autorenlesung-mit-andrea-karime-2020\/","title":{"rendered":"Autorenlesung mit Andrea Karim\u00e8 2020"},"content":{"rendered":"<div id=\"pl-455\"  class=\"panel-layout\" ><div id=\"pg-455-0\"  class=\"panel-grid panel-no-style\" ><div id=\"pgc-455-0-0\"  class=\"panel-grid-cell\" ><div id=\"panel-455-0-0-0\" class=\"so-panel widget widget_text panel-first-child panel-last-child\" data-index=\"0\" ><h3 class=\"widget-title\">Autorenlesung 2020 mit Andrea Karim\u00e9<\/h3>\t\t\t<div class=\"textwidget\"><p>In drei spannenden und erlebnisreichen Lesungen gelang es Andrea Karim\u00e9 am 02.10.20 die Kinder der 3. Klassen f\u00fcr ihre Geschichten zu begeistern. Im Buch &#8222;Tee mit Onkel Mustafa&#8220;, das zwar einen ernsten Hintergrund hat aber trotzdem spannend und lustig ist, flossen viele Erlebnisse ein, die Frau Karim\u00e9 als Kind selbst erlebt hat.<\/p>\n<p>Durch den eigenen famili\u00e4ren Migrationshintergrund (Andrea Karim\u00e9s Vater stammt aus dem Libanon) konnte Sie sozusagen aus erster Hand von den Erlebnissen der Protagonisten berichten. Die Kinder hatten nach den Lesungen die M\u00f6glichkeit die B\u00fccher der Autorin direkt vor Ort zu kaufen, da die Lippe Buchhandlung mit einem Stand vertreten war.<\/p>\n<p>Auch in diesem Jahr wurde die Autorenlesung durch eine Spende der lokalen Dreik\u00f6nigsstiftung erm\u00f6glicht, f\u00fcr die wir uns an dieser Stelle ganz herzlich bedanken!<\/p>\n<\/div>\n\t\t<\/div><\/div><\/div><div id=\"pg-455-1\"  class=\"panel-grid panel-no-style\" ><div id=\"pgc-455-1-0\"  class=\"panel-grid-cell\" ><div id=\"panel-455-1-0-0\" class=\"so-panel widget widget_block panel-first-child panel-last-child\" data-index=\"1\" ><script src=\"https:\/\/cdn.jsdelivr.net\/npm\/publicalbum@latest\/embed-ui.min.js\" async><\/script>\n<div class=\"pa-gallery-player-widget\" style=\"width:100%; height:480px; display:none;\"\n  data-link=\"https:\/\/photos.google.com\/share\/AF1QipO3pG7Zu0wi5zH1mF-eWKJkuwFYxilpVqv_0p2oRfsw5X2x_5jJJrGy9vhWHuSDSg?key=UnhEbmNkU0Fnc2JjQS1QaG9YaUZNVjdITHhmaTZR\"\n  data-title=\"Autorenlesung 2020 mit Andrea Karim\u00e9\"\n  data-description=\"31 new photos added to shared album\">\n  <object data=\"https:\/\/lh3.googleusercontent.com\/mSxfWQxOYNui6NmOff8_TbBrnpbcOd-WLeJpls8qxchtJWqV2Z6akrTHech4VQrRm8v6M1u5U_iUJ7HRoX9lGqaMmp2WLv2u_sAAOXu1gQa8LzFfP-pFEIheFfNHBcWX_QfhflEQtA=w1920-h1080\"><\/object>\n  <object data=\"https:\/\/lh3.googleusercontent.com\/U56KQGUJqG4vPNUH6x-p2gO_R69f4H8SGDuA-_z4phJdICE_GjKaKYj1XD06pf4q_ecb1ovuQUAglEWy9hZOWaBCAwtEYUOBxh8LT2_UzfVVOAKIAZwnkKUWuUBFAVibO5FoLQ5D-g=w1920-h1080\"><\/object>\n  <object data=\"https:\/\/lh3.googleusercontent.com\/looI-1Ut_DI_sdcKpCixjlLXIrS8qN-DWMCFk7T6QfgW7CL664wFMyOTdq7j-sEX-Htg5n2xf89BGC_ks4tUReKqwZN4KFUL6o1HuLzEWKW4Bjcm69P0x4EDK4g33KQxHTu17gIeLQ=w1920-h1080\"><\/object>\n  <object data=\"https:\/\/lh3.googleusercontent.com\/-JyCeuPN9R2VWiiYO2R_N9NMdKzRblzdYsYSJTJb-lzae82E5wRWW-zgZw7iN9nAR_zue8o-IAiRIEFlD_Gz6KeSKay1rj4AS9DWnMGInbH87-cArHJnx6eqUXkfSwz0nrXqr9ieqA=w1920-h1080\"><\/object>\n  <object data=\"https:\/\/lh3.googleusercontent.com\/zG0KUDugcqYnlehX_-7MG5KtTGmeK2x9yTXtiYqKYthklQT1YC4PyAqd2zNxCZzIAIgRjjwyqYGmHL1VG-0gtT4qOKxgt5kIoVh56msATl0N_T3rAINrYjk4yNwz4uILqcnJjrjfcg=w1920-h1080\"><\/object>\n  <object data=\"https:\/\/lh3.googleusercontent.com\/9tUzxtzSPuJOKfD2XisL7oZFyfAzygdL_WmKhZ56LUUiV56TQvN-vU1SBHzTju_voYT3j4o_zLQm_1tQW4W0QmhkpNZ0Zjk-JYz54AEdtyqC-fuLIZpuK4a2Paoj7pa_l1ofbotdBw=w1920-h1080\"><\/object>\n  <object data=\"https:\/\/lh3.googleusercontent.com\/vzEiPmMRyIXvZOcks64xuppLxDV3W3TxvYu2sNgEnybjYKFC4_W9csc48B6eDHVw6ncBP5BISMe9yfGdobZeppYZEX6lKr8mUesXN5Kmu0MEd6KjlAwniv-GZpOj0KpHIwVlPyXxjA=w1920-h1080\"><\/object>\n  <object data=\"https:\/\/lh3.googleusercontent.com\/2c7f6nQk_JaCXUVlcUeicHHvpgn_-cUezaF1qWTh2dZtsU5sVwSETCDFic5rlBE4k4eWGoRmV9zhgkLX90YZTNEarGwnb4Zj2Ilx7cCUthJUILzlQY-xwUaxRMR6pVD-S_DWnH417A=w1920-h1080\"><\/object>\n  <object data=\"https:\/\/lh3.googleusercontent.com\/uWvZq0iNqWBIr1pAKTgU5qkvlZoqJ6xmKstaskSwKMqD_-EUasGr93MMCpu4OWZKahK4QchqJRvJ5avVGwiujLaY82zYKbPbyINPo7gdVmtNPHYEaVkaUeaH1fDiRpCCpx_st9YDOg=w1920-h1080\"><\/object>\n  <object data=\"https:\/\/lh3.googleusercontent.com\/u-Ko95DSG7fWdXiKXEx8IyJCn8fB1LnIZLL9WiTHmhvSsbVTxdr7F6gK53vjF9fjn0mF4q_yN7XfM1RqZmxQPrZjevYWX46nvUZWF-24APasSvSN-PC3EOVILWKkspUv6s9mUazZEg=w1920-h1080\"><\/object>\n  <object data=\"https:\/\/lh3.googleusercontent.com\/VfqYsQ5w3exf5aZRIjw0bFms4LQ8FHpfgRTPtCPsvexmtxCZFGMh_5NyloQLqju2rgJs9TWt-71YAP_N0dCyiAfYaCalYColuQwhcVGP_QdFLSJ9Qbpl5zkaVn3-BNv8iVkOi-E4Ug=w1920-h1080\"><\/object>\n  <object data=\"https:\/\/lh3.googleusercontent.com\/nH_bvx06QhTtbBjzeAwAIjPCeQ4xrhHkU0BqGPbjAfNHXQCCRPAhOJV0DZP4oz-oLxmOd4KPTV-RInzO6PDFHj4fjV9UZeeSZHX5t3oNpPYRkzzZwTDFdP-m-3117s9fyMS0eU65Mg=w1920-h1080\"><\/object>\n  <object data=\"https:\/\/lh3.googleusercontent.com\/pcvt7BS1LWMH25ns64dnAi1XlIsJ-ZnmnsqARWcyypSG1OL1x_KEZA_mBzw5ceYuPFpe4Fwj4QKd4INUS29HsY_kWHl05nCFaI8PqQYytBB_2sQyHPOICuLKtPdkJYOxnlg_KJT-fQ=w1920-h1080\"><\/object>\n  <object data=\"https:\/\/lh3.googleusercontent.com\/sxQsb5SH-u2yx-qyZQHCQDGXlalUOjdVY054qewdijoy7xHGVMyIBCxQADFjwLZXxq1CzYZjhNIEwis-dVd4lZyp7oDvojGIqJpr9Qi-kx-ZOKc7UVWtlp4zdqZBR32-HI1x4NBaew=w1920-h1080\"><\/object>\n  <object data=\"https:\/\/lh3.googleusercontent.com\/nNG1zZfEsP0DVimfpv_faNYgjfpYKiEIxaF5lB1Ax62XXjNCVPBWWZA2WHCcXQIcAyop-gjEc78ssK2znquDDT8DQ5RuJb-knFwhYzQbMLaQHUnjvEfPCjowDGjixJblskZBkSMcZg=w1920-h1080\"><\/object>\n  <object data=\"https:\/\/lh3.googleusercontent.com\/p0yBCS1r3qEqrZ3CD9eAJwBKx4sBOsvsFGFKvoUavE9eFiBOGYFE5uk34RxRBYcN1Sb7G64PGu7ugisZteN_A8nhZ6jqsiRPV77owEwdJnAs5QKGMx5TWpDON-lmusiI-c72hL66ng=w1920-h1080\"><\/object>\n  <object data=\"https:\/\/lh3.googleusercontent.com\/vqDW5TpumQFtbKaMMI9t3LxtgXpSWBjKm-6OEdK_ZUoLTrHIHctIw6mZ85mflsuYAxTh0Z2jxixOv1IN05GVMyO7Qp-PqqCRiV82ZKY_OXbELXPZ3fE-O0LIRQi6syHarUZ5wr5KKg=w1920-h1080\"><\/object>\n  <object data=\"https:\/\/lh3.googleusercontent.com\/6wGihpMJK16J-7f0p7yITrvWwfgrS527Q13-77WLDU9hiy-DChud1VIchkh_wN3b-JLjRVz-CpCMeelKt4vI4P05aPytp0_OEY7MbFrAtc3IIT9zqtKF7Gs1311iti4fMMJkq1QJNg=w1920-h1080\"><\/object>\n  <object data=\"https:\/\/lh3.googleusercontent.com\/pjv0p8--D0ASwgeXeeJtLP9blbcOyl8bcdq5at6SgKkaCET2rfIBXMDadOEpBrWgxZOZ28Wqr1qs11QswqXxbUua0qngb_pOedM5IXiCZV3b4lIARUBIP_c6Bwa3TzFmeId-RYQRlQ=w1920-h1080\"><\/object>\n  <object data=\"https:\/\/lh3.googleusercontent.com\/Nr51fxPtq4g70ZsvphTrF_cJDkrkcUbyBFmXJ-lShgpxlIa9Nn7SN8j3Eo0SxhalmrPSCU-jb-1E2tYIGwVF6P9bCiWnmvyWgwikIW2CXHNDh9FK4KxEJ5ZkSDB0AR60kVcCoxdn0Q=w1920-h1080\"><\/object>\n  <object data=\"https:\/\/lh3.googleusercontent.com\/oq7NoTsp0iKZPyf5q-mQlVZFBhXx0K4Fwd3ofbw0lO_FGKC8w4_7wsu2eF2E5FPRKa_gXY5wSZ80uMUwC9USZBtZO0F-JL_sQ3YcgMZsVHKpLkvNdAjxVMjHBEKqoLthSrgMgQ8Lng=w1920-h1080\"><\/object>\n  <object data=\"https:\/\/lh3.googleusercontent.com\/4JMmQ9vkRYGTa7ZxqaZ06ONj6KLcExVt5lF-ht66XIFKLsEGoUlX9bY62CrWJxYWqsZPH6CvTTq3c_6-e7ikYiqUiHM9xHPLYyrkEptpTYuv1H6BW_bCAHwufl4uxxtk0DQ_ALCrJA=w1920-h1080\"><\/object>\n  <object data=\"https:\/\/lh3.googleusercontent.com\/KrLxNCbAriVo_0tMhOw4kHEyEDIREQ7Th6HRGJiisbIiDx6Ick9dJ0dmKCuWmh0d1LvU34kVdJreg3E9VZ1ynD6a9nhY7efyi6TW9IY3Iw2gfelWDtYM2lzxAYktmCgQtjJJrc6wRA=w1920-h1080\"><\/object>\n  <object data=\"https:\/\/lh3.googleusercontent.com\/KUeAuXav3aEn18Qs9PaIVpdGfHkEhZomnql53Po3351f6C9DH1ClQBy7w7f-JZw3KJa3rQGIJMMdUyE7O20IHpXakxv1wo8RrUNDMcWFYyYRHYlxerPsmd41wnk3Tf1iuogpXTbXtw=w1920-h1080\"><\/object>\n  <object data=\"https:\/\/lh3.googleusercontent.com\/xMlyyMa2h9aD48obICtMQ81jj2YkSMeesg3SJpAr0ZJWZMBLEQIKCtwbV4iJyk_mvk_Abg7kvDX6JmrJ19xn6borZ_uvs8G7keoHh1U5iZuEHukCTqVgvv6XbthbFS6PTZ1n8Nw2Ew=w1920-h1080\"><\/object>\n  <object data=\"https:\/\/lh3.googleusercontent.com\/hintMtea9OJhMGezeRd3M7zBMGOB7kiXN9gr1E1S0sUSDUBjXskQhWdsEdFKubPqJk9SELM8YUg25_HPJIk8ZMjw3WfbDKCO2y1imZ5BYL_y8jHWKdmnvo83f1JlIkU-GsEvR6vNUA=w1920-h1080\"><\/object>\n  <object data=\"https:\/\/lh3.googleusercontent.com\/WEC2Zx9WzNVTUASSZBwNncqFe10igSNGSUS8yzG78RmV8tPRvk1C6ID2QHCQYNH0wItG_BJp7gI0uNeByQDvED5l_MIwDV27zKS4VDHfxRJ9-j0HSu1yGa8a13P3T4BKaC9HfEQFWw=w1920-h1080\"><\/object>\n  <object data=\"https:\/\/lh3.googleusercontent.com\/kE6D2GigMApieFo1B-JrQL7seWB7fgeFwPLSrkFHifPxPzlDfgHqZdGTuWMNh4VYKAfaYP5_0s8s6KCcMBsOwB67kUyu9RYsm3JYTvGO0nZPhBWpzMhBoQKXXDMQtsgvG2DfpR8c_w=w1920-h1080\"><\/object>\n  <object data=\"https:\/\/lh3.googleusercontent.com\/hAQjPUcNuwZzB0UggxnLKKIr8IKkhQtJIJDG70Th-fYgLRZnt34YN4koENYossiPcFTtIlWLI0ptEziVEyucp4J24hVmlNk01-3Q-X-djE65PaRvpfN0dZERsNuvaKRmkoiDnD7nDw=w1920-h1080\"><\/object>\n  <object data=\"https:\/\/lh3.googleusercontent.com\/Jci3yXzqzQH3_hf8y2uq4tykWdJ27YR3xK_xGLIwojMWlnPh1_fpkvODnbWUlNeTBNkFGdXrrhsvMXCb32t2GGaethStw9r5QC7oboPwaKtXz3lzXj4_m7WEhOKXyU1rML5GtikQaQ=w1920-h1080\"><\/object>\n  <object data=\"https:\/\/lh3.googleusercontent.com\/xNCltt5294YoPed0l35vUS30NZfsbnDui_olhHA6qaNnXK5j-jFMEszqGsS8uQjEA9qbBdA2uNya8B73QjVqTkQ6eX0JdZURlDbxflA8xnoojH1Xaihi5UGVsVwTN_uAEn6Me6TXBQ=w1920-h1080\"><\/object>\n<\/div>\n<\/div><\/div><\/div><\/div>","protected":false},"excerpt":{"rendered":"<p>In drei spannenden und erlebnisreichen Lesungen gelang es Andrea Karim\u00e9 am 02.10.20 die Kinder der 3. Klassen f\u00fcr ihre Geschichten zu begeistern. Im Buch &#8222;Tee mit Onkel Mustafa&#8220;, das zwar einen ernsten Hintergrund hat aber trotzdem spannend und lustig ist, flossen viele Erlebnisse ein, die Frau Karim\u00e9 als Kind selbst erlebt hat. Durch den eigenen [&hellip;]<\/p>\n","protected":false},"author":2,"featured_media":0,"comment_status":"closed","ping_status":"closed","sticky":false,"template":"","format":"standard","meta":{"site-sidebar-layout":"default","site-content-layout":"default","ast-site-content-layout":"default","site-content-style":"default","site-sidebar-style":"default","ast-global-header-display":"","ast-banner-title-visibility":"","ast-main-header-display":"","ast-hfb-above-header-display":"","ast-hfb-below-header-display":"","ast-hfb-mobile-header-display":"","site-post-title":"","ast-breadcrumbs-content":"","ast-featured-img":"","footer-sml-layout":"","ast-disable-related-posts":"","theme-transparent-header-meta":"default","adv-header-id-meta":"","stick-header-meta":"","header-above-stick-meta":"","header-main-stick-meta":"","header-below-stick-meta":"","astra-migrate-meta-layouts":"default","ast-page-background-enabled":"default","ast-page-background-meta":{"desktop":{"background-color":"var(--ast-global-color-4)","background-image":"","background-repeat":"repeat","background-position":"center center","background-size":"auto","background-attachment":"scroll","background-type":"","background-media":"","overlay-type":"","overlay-color":"","overlay-opacity":"","overlay-gradient":""},"tablet":{"background-color":"","background-image":"","background-repeat":"repeat","background-position":"center center","background-size":"auto","background-attachment":"scroll","background-type":"","background-media":"","overlay-type":"","overlay-color":"","overlay-opacity":"","overlay-gradient":""},"mobile":{"background-color":"","background-image":"","background-repeat":"repeat","background-position":"center center","background-size":"auto","background-attachment":"scroll","background-type":"","background-media":"","overlay-type":"","overlay-color":"","overlay-opacity":"","overlay-gradient":""}},"ast-content-background-meta":{"desktop":{"background-color":"var(--ast-global-color-5)","background-image":"","background-repeat":"repeat","background-position":"center center","background-size":"auto","background-attachment":"scroll","background-type":"","background-media":"","overlay-type":"","overlay-color":"","overlay-opacity":"","overlay-gradient":""},"tablet":{"background-color":"var(--ast-global-color-5)","background-image":"","background-repeat":"repeat","background-position":"center center","background-size":"auto","background-attachment":"scroll","background-type":"","background-media":"","overlay-type":"","overlay-color":"","overlay-opacity":"","overlay-gradient":""},"mobile":{"background-color":"var(--ast-global-color-5)","background-image":"","background-repeat":"repeat","background-position":"center center","background-size":"auto","background-attachment":"scroll","background-type":"","background-media":"","overlay-type":"","overlay-color":"","overlay-opacity":"","overlay-gradient":""}},"footnotes":""},"categories":[5],"tags":[8],"class_list":["post-455","post","type-post","status-publish","format-standard","hentry","category-schulleben","tag-autorenlesung"],"yoast_head":"<!-- This site is optimized with the Yoast SEO plugin v27.5 - https:\/\/yoast.com\/product\/yoast-seo-wordpress\/ -->\n<title>Autorenlesung mit Andrea Karim\u00e8 2020 - Leoschule L\u00fcnen<\/title>\n<meta name=\"robots\" content=\"index, follow, max-snippet:-1, max-image-preview:large, max-video-preview:-1\" \/>\n<link rel=\"canonical\" href=\"https:\/\/www.leoschule-luenen.de\/index.php\/2020\/10\/02\/autorenlesung-mit-andrea-karime-2020\/\" \/>\n<meta property=\"og:locale\" content=\"de_DE\" \/>\n<meta property=\"og:type\" content=\"article\" \/>\n<meta property=\"og:title\" content=\"Autorenlesung mit Andrea Karim\u00e8 2020 - Leoschule L\u00fcnen\" \/>\n<meta property=\"og:description\" content=\"In drei spannenden und erlebnisreichen Lesungen gelang es Andrea Karim\u00e9 am 02.10.20 die Kinder der 3. Klassen f\u00fcr ihre Geschichten zu begeistern. Im Buch &quot;Tee mit Onkel Mustafa&quot;, das zwar einen ernsten Hintergrund hat aber trotzdem spannend und lustig ist, flossen viele Erlebnisse ein, die Frau Karim\u00e9 als Kind selbst erlebt hat. Durch den eigenen [&hellip;]\" \/>\n<meta property=\"og:url\" content=\"https:\/\/www.leoschule-luenen.de\/index.php\/2020\/10\/02\/autorenlesung-mit-andrea-karime-2020\/\" \/>\n<meta property=\"og:site_name\" content=\"Leoschule L\u00fcnen\" \/>\n<meta property=\"article:published_time\" content=\"2020-10-02T18:43:35+00:00\" \/>\n<meta property=\"article:modified_time\" content=\"2021-09-23T15:21:13+00:00\" \/>\n<meta name=\"author\" content=\"Matthias Flechtner\" \/>\n<meta name=\"twitter:card\" content=\"summary_large_image\" \/>\n<meta name=\"twitter:label1\" content=\"Verfasst von\" \/>\n\t<meta name=\"twitter:data1\" content=\"Matthias Flechtner\" \/>\n\t<meta name=\"twitter:label2\" content=\"Gesch\u00e4tzte Lesezeit\" \/>\n\t<meta name=\"twitter:data2\" content=\"1\u00a0Minute\" \/>\n<script type=\"application\/ld+json\" class=\"yoast-schema-graph\">{\"@context\":\"https:\\\/\\\/schema.org\",\"@graph\":[{\"@type\":\"Article\",\"@id\":\"https:\\\/\\\/www.leoschule-luenen.de\\\/index.php\\\/2020\\\/10\\\/02\\\/autorenlesung-mit-andrea-karime-2020\\\/#article\",\"isPartOf\":{\"@id\":\"https:\\\/\\\/www.leoschule-luenen.de\\\/index.php\\\/2020\\\/10\\\/02\\\/autorenlesung-mit-andrea-karime-2020\\\/\"},\"author\":{\"name\":\"Matthias Flechtner\",\"@id\":\"https:\\\/\\\/www.leoschule-luenen.de\\\/#\\\/schema\\\/person\\\/c64ca8354516ce974881b35010f52893\"},\"headline\":\"Autorenlesung mit Andrea Karim\u00e8 2020\",\"datePublished\":\"2020-10-02T18:43:35+00:00\",\"dateModified\":\"2021-09-23T15:21:13+00:00\",\"mainEntityOfPage\":{\"@id\":\"https:\\\/\\\/www.leoschule-luenen.de\\\/index.php\\\/2020\\\/10\\\/02\\\/autorenlesung-mit-andrea-karime-2020\\\/\"},\"wordCount\":148,\"publisher\":{\"@id\":\"https:\\\/\\\/www.leoschule-luenen.de\\\/#organization\"},\"keywords\":[\"Autorenlesung\"],\"articleSection\":[\"Aktuelles aus dem Schulleben\"],\"inLanguage\":\"de\"},{\"@type\":\"WebPage\",\"@id\":\"https:\\\/\\\/www.leoschule-luenen.de\\\/index.php\\\/2020\\\/10\\\/02\\\/autorenlesung-mit-andrea-karime-2020\\\/\",\"url\":\"https:\\\/\\\/www.leoschule-luenen.de\\\/index.php\\\/2020\\\/10\\\/02\\\/autorenlesung-mit-andrea-karime-2020\\\/\",\"name\":\"Autorenlesung mit Andrea Karim\u00e8 2020 - Leoschule L\u00fcnen\",\"isPartOf\":{\"@id\":\"https:\\\/\\\/www.leoschule-luenen.de\\\/#website\"},\"datePublished\":\"2020-10-02T18:43:35+00:00\",\"dateModified\":\"2021-09-23T15:21:13+00:00\",\"breadcrumb\":{\"@id\":\"https:\\\/\\\/www.leoschule-luenen.de\\\/index.php\\\/2020\\\/10\\\/02\\\/autorenlesung-mit-andrea-karime-2020\\\/#breadcrumb\"},\"inLanguage\":\"de\",\"potentialAction\":[{\"@type\":\"ReadAction\",\"target\":[\"https:\\\/\\\/www.leoschule-luenen.de\\\/index.php\\\/2020\\\/10\\\/02\\\/autorenlesung-mit-andrea-karime-2020\\\/\"]}]},{\"@type\":\"BreadcrumbList\",\"@id\":\"https:\\\/\\\/www.leoschule-luenen.de\\\/index.php\\\/2020\\\/10\\\/02\\\/autorenlesung-mit-andrea-karime-2020\\\/#breadcrumb\",\"itemListElement\":[{\"@type\":\"ListItem\",\"position\":1,\"name\":\"Startseite\",\"item\":\"https:\\\/\\\/www.leoschule-luenen.de\\\/\"},{\"@type\":\"ListItem\",\"position\":2,\"name\":\"Autorenlesung mit Andrea Karim\u00e8 2020\"}]},{\"@type\":\"WebSite\",\"@id\":\"https:\\\/\\\/www.leoschule-luenen.de\\\/#website\",\"url\":\"https:\\\/\\\/www.leoschule-luenen.de\\\/\",\"name\":\"Leoschule L\u00fcnen\",\"description\":\"St\u00e4dtische Katholische Grundschule\",\"publisher\":{\"@id\":\"https:\\\/\\\/www.leoschule-luenen.de\\\/#organization\"},\"potentialAction\":[{\"@type\":\"SearchAction\",\"target\":{\"@type\":\"EntryPoint\",\"urlTemplate\":\"https:\\\/\\\/www.leoschule-luenen.de\\\/?s={search_term_string}\"},\"query-input\":{\"@type\":\"PropertyValueSpecification\",\"valueRequired\":true,\"valueName\":\"search_term_string\"}}],\"inLanguage\":\"de\"},{\"@type\":\"Organization\",\"@id\":\"https:\\\/\\\/www.leoschule-luenen.de\\\/#organization\",\"name\":\"Leoschule\",\"url\":\"https:\\\/\\\/www.leoschule-luenen.de\\\/\",\"logo\":{\"@type\":\"ImageObject\",\"inLanguage\":\"de\",\"@id\":\"https:\\\/\\\/www.leoschule-luenen.de\\\/#\\\/schema\\\/logo\\\/image\\\/\",\"url\":\"https:\\\/\\\/www.leoschule-luenen.de\\\/wp-content\\\/uploads\\\/2021\\\/09\\\/cropped-LeoLogo-2.jpg\",\"contentUrl\":\"https:\\\/\\\/www.leoschule-luenen.de\\\/wp-content\\\/uploads\\\/2021\\\/09\\\/cropped-LeoLogo-2.jpg\",\"width\":342,\"height\":342,\"caption\":\"Leoschule\"},\"image\":{\"@id\":\"https:\\\/\\\/www.leoschule-luenen.de\\\/#\\\/schema\\\/logo\\\/image\\\/\"}},{\"@type\":\"Person\",\"@id\":\"https:\\\/\\\/www.leoschule-luenen.de\\\/#\\\/schema\\\/person\\\/c64ca8354516ce974881b35010f52893\",\"name\":\"Matthias Flechtner\",\"image\":{\"@type\":\"ImageObject\",\"inLanguage\":\"de\",\"@id\":\"https:\\\/\\\/secure.gravatar.com\\\/avatar\\\/fade5f187d3134e023de697214f8b9fd73e0c80e0e8f303d3df55264c0dbcd59?s=96&d=mm&r=g\",\"url\":\"https:\\\/\\\/secure.gravatar.com\\\/avatar\\\/fade5f187d3134e023de697214f8b9fd73e0c80e0e8f303d3df55264c0dbcd59?s=96&d=mm&r=g\",\"contentUrl\":\"https:\\\/\\\/secure.gravatar.com\\\/avatar\\\/fade5f187d3134e023de697214f8b9fd73e0c80e0e8f303d3df55264c0dbcd59?s=96&d=mm&r=g\",\"caption\":\"Matthias Flechtner\"}}]}<\/script>\n<!-- \/ Yoast SEO plugin. -->","yoast_head_json":{"title":"Autorenlesung mit Andrea Karim\u00e8 2020 - Leoschule L\u00fcnen","robots":{"index":"index","follow":"follow","max-snippet":"max-snippet:-1","max-image-preview":"max-image-preview:large","max-video-preview":"max-video-preview:-1"},"canonical":"https:\/\/www.leoschule-luenen.de\/index.php\/2020\/10\/02\/autorenlesung-mit-andrea-karime-2020\/","og_locale":"de_DE","og_type":"article","og_title":"Autorenlesung mit Andrea Karim\u00e8 2020 - Leoschule L\u00fcnen","og_description":"In drei spannenden und erlebnisreichen Lesungen gelang es Andrea Karim\u00e9 am 02.10.20 die Kinder der 3. Klassen f\u00fcr ihre Geschichten zu begeistern. Im Buch \"Tee mit Onkel Mustafa\", das zwar einen ernsten Hintergrund hat aber trotzdem spannend und lustig ist, flossen viele Erlebnisse ein, die Frau Karim\u00e9 als Kind selbst erlebt hat. Durch den eigenen [&hellip;]","og_url":"https:\/\/www.leoschule-luenen.de\/index.php\/2020\/10\/02\/autorenlesung-mit-andrea-karime-2020\/","og_site_name":"Leoschule L\u00fcnen","article_published_time":"2020-10-02T18:43:35+00:00","article_modified_time":"2021-09-23T15:21:13+00:00","author":"Matthias Flechtner","twitter_card":"summary_large_image","twitter_misc":{"Verfasst von":"Matthias Flechtner","Gesch\u00e4tzte Lesezeit":"1\u00a0Minute"},"schema":{"@context":"https:\/\/schema.org","@graph":[{"@type":"Article","@id":"https:\/\/www.leoschule-luenen.de\/index.php\/2020\/10\/02\/autorenlesung-mit-andrea-karime-2020\/#article","isPartOf":{"@id":"https:\/\/www.leoschule-luenen.de\/index.php\/2020\/10\/02\/autorenlesung-mit-andrea-karime-2020\/"},"author":{"name":"Matthias Flechtner","@id":"https:\/\/www.leoschule-luenen.de\/#\/schema\/person\/c64ca8354516ce974881b35010f52893"},"headline":"Autorenlesung mit Andrea Karim\u00e8 2020","datePublished":"2020-10-02T18:43:35+00:00","dateModified":"2021-09-23T15:21:13+00:00","mainEntityOfPage":{"@id":"https:\/\/www.leoschule-luenen.de\/index.php\/2020\/10\/02\/autorenlesung-mit-andrea-karime-2020\/"},"wordCount":148,"publisher":{"@id":"https:\/\/www.leoschule-luenen.de\/#organization"},"keywords":["Autorenlesung"],"articleSection":["Aktuelles aus dem Schulleben"],"inLanguage":"de"},{"@type":"WebPage","@id":"https:\/\/www.leoschule-luenen.de\/index.php\/2020\/10\/02\/autorenlesung-mit-andrea-karime-2020\/","url":"https:\/\/www.leoschule-luenen.de\/index.php\/2020\/10\/02\/autorenlesung-mit-andrea-karime-2020\/","name":"Autorenlesung mit Andrea Karim\u00e8 2020 - Leoschule L\u00fcnen","isPartOf":{"@id":"https:\/\/www.leoschule-luenen.de\/#website"},"datePublished":"2020-10-02T18:43:35+00:00","dateModified":"2021-09-23T15:21:13+00:00","breadcrumb":{"@id":"https:\/\/www.leoschule-luenen.de\/index.php\/2020\/10\/02\/autorenlesung-mit-andrea-karime-2020\/#breadcrumb"},"inLanguage":"de","potentialAction":[{"@type":"ReadAction","target":["https:\/\/www.leoschule-luenen.de\/index.php\/2020\/10\/02\/autorenlesung-mit-andrea-karime-2020\/"]}]},{"@type":"BreadcrumbList","@id":"https:\/\/www.leoschule-luenen.de\/index.php\/2020\/10\/02\/autorenlesung-mit-andrea-karime-2020\/#breadcrumb","itemListElement":[{"@type":"ListItem","position":1,"name":"Startseite","item":"https:\/\/www.leoschule-luenen.de\/"},{"@type":"ListItem","position":2,"name":"Autorenlesung mit Andrea Karim\u00e8 2020"}]},{"@type":"WebSite","@id":"https:\/\/www.leoschule-luenen.de\/#website","url":"https:\/\/www.leoschule-luenen.de\/","name":"Leoschule L\u00fcnen","description":"St\u00e4dtische Katholische Grundschule","publisher":{"@id":"https:\/\/www.leoschule-luenen.de\/#organization"},"potentialAction":[{"@type":"SearchAction","target":{"@type":"EntryPoint","urlTemplate":"https:\/\/www.leoschule-luenen.de\/?s={search_term_string}"},"query-input":{"@type":"PropertyValueSpecification","valueRequired":true,"valueName":"search_term_string"}}],"inLanguage":"de"},{"@type":"Organization","@id":"https:\/\/www.leoschule-luenen.de\/#organization","name":"Leoschule","url":"https:\/\/www.leoschule-luenen.de\/","logo":{"@type":"ImageObject","inLanguage":"de","@id":"https:\/\/www.leoschule-luenen.de\/#\/schema\/logo\/image\/","url":"https:\/\/www.leoschule-luenen.de\/wp-content\/uploads\/2021\/09\/cropped-LeoLogo-2.jpg","contentUrl":"https:\/\/www.leoschule-luenen.de\/wp-content\/uploads\/2021\/09\/cropped-LeoLogo-2.jpg","width":342,"height":342,"caption":"Leoschule"},"image":{"@id":"https:\/\/www.leoschule-luenen.de\/#\/schema\/logo\/image\/"}},{"@type":"Person","@id":"https:\/\/www.leoschule-luenen.de\/#\/schema\/person\/c64ca8354516ce974881b35010f52893","name":"Matthias Flechtner","image":{"@type":"ImageObject","inLanguage":"de","@id":"https:\/\/secure.gravatar.com\/avatar\/fade5f187d3134e023de697214f8b9fd73e0c80e0e8f303d3df55264c0dbcd59?s=96&d=mm&r=g","url":"https:\/\/secure.gravatar.com\/avatar\/fade5f187d3134e023de697214f8b9fd73e0c80e0e8f303d3df55264c0dbcd59?s=96&d=mm&r=g","contentUrl":"https:\/\/secure.gravatar.com\/avatar\/fade5f187d3134e023de697214f8b9fd73e0c80e0e8f303d3df55264c0dbcd59?s=96&d=mm&r=g","caption":"Matthias Flechtner"}}]}},"_links":{"self":[{"href":"https:\/\/www.leoschule-luenen.de\/index.php\/wp-json\/wp\/v2\/posts\/455","targetHints":{"allow":["GET"]}}],"collection":[{"href":"https:\/\/www.leoschule-luenen.de\/index.php\/wp-json\/wp\/v2\/posts"}],"about":[{"href":"https:\/\/www.leoschule-luenen.de\/index.php\/wp-json\/wp\/v2\/types\/post"}],"author":[{"embeddable":true,"href":"https:\/\/www.leoschule-luenen.de\/index.php\/wp-json\/wp\/v2\/users\/2"}],"replies":[{"embeddable":true,"href":"https:\/\/www.leoschule-luenen.de\/index.php\/wp-json\/wp\/v2\/comments?post=455"}],"version-history":[{"count":6,"href":"https:\/\/www.leoschule-luenen.de\/index.php\/wp-json\/wp\/v2\/posts\/455\/revisions"}],"predecessor-version":[{"id":672,"href":"https:\/\/www.leoschule-luenen.de\/index.php\/wp-json\/wp\/v2\/posts\/455\/revisions\/672"}],"wp:attachment":[{"href":"https:\/\/www.leoschule-luenen.de\/index.php\/wp-json\/wp\/v2\/media?parent=455"}],"wp:term":[{"taxonomy":"category","embeddable":true,"href":"https:\/\/www.leoschule-luenen.de\/index.php\/wp-json\/wp\/v2\/categories?post=455"},{"taxonomy":"post_tag","embeddable":true,"href":"https:\/\/www.leoschule-luenen.de\/index.php\/wp-json\/wp\/v2\/tags?post=455"}],"curies":[{"name":"wp","href":"https:\/\/api.w.org\/{rel}","templated":true}]}}