{"id":1222,"date":"2022-12-06T07:46:22","date_gmt":"2022-12-06T07:46:22","guid":{"rendered":"https:\/\/www.leoschule-luenen.de\/?p=1222"},"modified":"2022-12-06T07:59:33","modified_gmt":"2022-12-06T07:59:33","slug":"der-nikolaus-war-da","status":"publish","type":"post","link":"https:\/\/www.leoschule-luenen.de\/index.php\/2022\/12\/06\/der-nikolaus-war-da\/","title":{"rendered":"Der Nikolaus war da!"},"content":{"rendered":"<div id=\"pl-gb1222-69f410bcb3933\"  class=\"panel-layout\" ><div id=\"pg-gb1222-69f410bcb3933-0\"  class=\"panel-grid panel-no-style\" ><div id=\"pgc-gb1222-69f410bcb3933-0-0\"  class=\"panel-grid-cell\" ><div id=\"panel-gb1222-69f410bcb3933-0-0-0\" class=\"so-panel widget widget_media_gallery panel-first-child panel-last-child\" data-index=\"0\" ><div class=\"panel-widget-style panel-widget-style-for-gb1222-69f410bcb3933-0-0-0\" ><h3 class=\"widget-title\">Der Nikolausmorgen!<\/h3><div id='gallery-1' class='gallery galleryid-1222 gallery-columns-1 gallery-size-medium'><figure class='gallery-item'>\n\t\t\t<div class='gallery-icon portrait'>\n\t\t\t\t<a href='https:\/\/www.leoschule-luenen.de\/index.php\/2022\/12\/06\/der-nikolaus-war-da\/pxl_20221206_053615553\/'><img loading=\"lazy\" decoding=\"async\" width=\"169\" height=\"300\" src=\"https:\/\/www.leoschule-luenen.de\/wp-content\/uploads\/2022\/12\/PXL_20221206_053615553-169x300.jpg\" class=\"attachment-medium size-medium\" alt=\"\" aria-describedby=\"gallery-1-1224\" srcset=\"https:\/\/www.leoschule-luenen.de\/wp-content\/uploads\/2022\/12\/PXL_20221206_053615553-169x300.jpg 169w, https:\/\/www.leoschule-luenen.de\/wp-content\/uploads\/2022\/12\/PXL_20221206_053615553-576x1024.jpg 576w, https:\/\/www.leoschule-luenen.de\/wp-content\/uploads\/2022\/12\/PXL_20221206_053615553-768x1365.jpg 768w, https:\/\/www.leoschule-luenen.de\/wp-content\/uploads\/2022\/12\/PXL_20221206_053615553-864x1536.jpg 864w, https:\/\/www.leoschule-luenen.de\/wp-content\/uploads\/2022\/12\/PXL_20221206_053615553-1152x2048.jpg 1152w, https:\/\/www.leoschule-luenen.de\/wp-content\/uploads\/2022\/12\/PXL_20221206_053615553-scaled.jpg 1440w\" sizes=\"auto, (max-width: 169px) 100vw, 169px\" \/><\/a>\n\t\t\t<\/div>\n\t\t\t\t<figcaption class='wp-caption-text gallery-caption' id='gallery-1-1224'>\n\t\t\t\tWenn man morgens durch die Schule schleicht &#8230;\n\t\t\t\t<\/figcaption><\/figure><figure class='gallery-item'>\n\t\t\t<div class='gallery-icon portrait'>\n\t\t\t\t<a href='https:\/\/www.leoschule-luenen.de\/index.php\/2022\/12\/06\/der-nikolaus-war-da\/pxl_20221206_053640452\/'><img loading=\"lazy\" decoding=\"async\" width=\"169\" height=\"300\" src=\"https:\/\/www.leoschule-luenen.de\/wp-content\/uploads\/2022\/12\/PXL_20221206_053640452-169x300.jpg\" class=\"attachment-medium size-medium\" alt=\"\" aria-describedby=\"gallery-1-1225\" srcset=\"https:\/\/www.leoschule-luenen.de\/wp-content\/uploads\/2022\/12\/PXL_20221206_053640452-169x300.jpg 169w, https:\/\/www.leoschule-luenen.de\/wp-content\/uploads\/2022\/12\/PXL_20221206_053640452-576x1024.jpg 576w, https:\/\/www.leoschule-luenen.de\/wp-content\/uploads\/2022\/12\/PXL_20221206_053640452-768x1365.jpg 768w, https:\/\/www.leoschule-luenen.de\/wp-content\/uploads\/2022\/12\/PXL_20221206_053640452-864x1536.jpg 864w, https:\/\/www.leoschule-luenen.de\/wp-content\/uploads\/2022\/12\/PXL_20221206_053640452-1152x2048.jpg 1152w, https:\/\/www.leoschule-luenen.de\/wp-content\/uploads\/2022\/12\/PXL_20221206_053640452-scaled.jpg 1440w\" sizes=\"auto, (max-width: 169px) 100vw, 169px\" \/><\/a>\n\t\t\t<\/div>\n\t\t\t\t<figcaption class='wp-caption-text gallery-caption' id='gallery-1-1225'>\n\t\t\t\t&#8230;, die T\u00fcren geschm\u00fcckt und die Flure festlich beleuchtet sind&#8230;.\n\t\t\t\t<\/figcaption><\/figure><figure class='gallery-item'>\n\t\t\t<div class='gallery-icon portrait'>\n\t\t\t\t<a href='https:\/\/www.leoschule-luenen.de\/index.php\/2022\/12\/06\/der-nikolaus-war-da\/pxl_20221206_053652691\/'><img loading=\"lazy\" decoding=\"async\" width=\"169\" height=\"300\" src=\"https:\/\/www.leoschule-luenen.de\/wp-content\/uploads\/2022\/12\/PXL_20221206_053652691-169x300.jpg\" class=\"attachment-medium size-medium\" alt=\"\" aria-describedby=\"gallery-1-1226\" srcset=\"https:\/\/www.leoschule-luenen.de\/wp-content\/uploads\/2022\/12\/PXL_20221206_053652691-169x300.jpg 169w, https:\/\/www.leoschule-luenen.de\/wp-content\/uploads\/2022\/12\/PXL_20221206_053652691-576x1024.jpg 576w, https:\/\/www.leoschule-luenen.de\/wp-content\/uploads\/2022\/12\/PXL_20221206_053652691-768x1365.jpg 768w, https:\/\/www.leoschule-luenen.de\/wp-content\/uploads\/2022\/12\/PXL_20221206_053652691-864x1536.jpg 864w, https:\/\/www.leoschule-luenen.de\/wp-content\/uploads\/2022\/12\/PXL_20221206_053652691-1152x2048.jpg 1152w, https:\/\/www.leoschule-luenen.de\/wp-content\/uploads\/2022\/12\/PXL_20221206_053652691-scaled.jpg 1440w\" sizes=\"auto, (max-width: 169px) 100vw, 169px\" \/><\/a>\n\t\t\t<\/div>\n\t\t\t\t<figcaption class='wp-caption-text gallery-caption' id='gallery-1-1226'>\n\t\t\t\t&#8230;..\n\t\t\t\t<\/figcaption><\/figure><figure class='gallery-item'>\n\t\t\t<div class='gallery-icon portrait'>\n\t\t\t\t<a href='https:\/\/www.leoschule-luenen.de\/index.php\/2022\/12\/06\/der-nikolaus-war-da\/pxl_20221206_053729975\/'><img loading=\"lazy\" decoding=\"async\" width=\"169\" height=\"300\" src=\"https:\/\/www.leoschule-luenen.de\/wp-content\/uploads\/2022\/12\/PXL_20221206_053729975-169x300.jpg\" class=\"attachment-medium size-medium\" alt=\"\" aria-describedby=\"gallery-1-1227\" srcset=\"https:\/\/www.leoschule-luenen.de\/wp-content\/uploads\/2022\/12\/PXL_20221206_053729975-169x300.jpg 169w, https:\/\/www.leoschule-luenen.de\/wp-content\/uploads\/2022\/12\/PXL_20221206_053729975-576x1024.jpg 576w, https:\/\/www.leoschule-luenen.de\/wp-content\/uploads\/2022\/12\/PXL_20221206_053729975-768x1365.jpg 768w, https:\/\/www.leoschule-luenen.de\/wp-content\/uploads\/2022\/12\/PXL_20221206_053729975-864x1536.jpg 864w, https:\/\/www.leoschule-luenen.de\/wp-content\/uploads\/2022\/12\/PXL_20221206_053729975-1152x2048.jpg 1152w, https:\/\/www.leoschule-luenen.de\/wp-content\/uploads\/2022\/12\/PXL_20221206_053729975-scaled.jpg 1440w\" sizes=\"auto, (max-width: 169px) 100vw, 169px\" \/><\/a>\n\t\t\t<\/div>\n\t\t\t\t<figcaption class='wp-caption-text gallery-caption' id='gallery-1-1227'>\n\t\t\t\t..die Kerzen am Adventskranz leuchten &#8230;.\n\t\t\t\t<\/figcaption><\/figure><figure class='gallery-item'>\n\t\t\t<div class='gallery-icon portrait'>\n\t\t\t\t<a href='https:\/\/www.leoschule-luenen.de\/index.php\/2022\/12\/06\/der-nikolaus-war-da\/pxl_20221206_054850659\/'><img loading=\"lazy\" decoding=\"async\" width=\"169\" height=\"300\" src=\"https:\/\/www.leoschule-luenen.de\/wp-content\/uploads\/2022\/12\/PXL_20221206_054850659-169x300.jpg\" class=\"attachment-medium size-medium\" alt=\"\" aria-describedby=\"gallery-1-1228\" srcset=\"https:\/\/www.leoschule-luenen.de\/wp-content\/uploads\/2022\/12\/PXL_20221206_054850659-169x300.jpg 169w, https:\/\/www.leoschule-luenen.de\/wp-content\/uploads\/2022\/12\/PXL_20221206_054850659-576x1024.jpg 576w, https:\/\/www.leoschule-luenen.de\/wp-content\/uploads\/2022\/12\/PXL_20221206_054850659-768x1365.jpg 768w, https:\/\/www.leoschule-luenen.de\/wp-content\/uploads\/2022\/12\/PXL_20221206_054850659-864x1536.jpg 864w, https:\/\/www.leoschule-luenen.de\/wp-content\/uploads\/2022\/12\/PXL_20221206_054850659-1152x2048.jpg 1152w, https:\/\/www.leoschule-luenen.de\/wp-content\/uploads\/2022\/12\/PXL_20221206_054850659-scaled.jpg 1440w\" sizes=\"auto, (max-width: 169px) 100vw, 169px\" \/><\/a>\n\t\t\t<\/div>\n\t\t\t\t<figcaption class='wp-caption-text gallery-caption' id='gallery-1-1228'>\n\t\t\t\t&#8230;st\u00f6\u00dft man pl\u00f6tzlich auf \u00fcber 300 Stutenkerle!\n\t\t\t\t<\/figcaption><\/figure><figure class='gallery-item'>\n\t\t\t<div class='gallery-icon portrait'>\n\t\t\t\t<a href='https:\/\/www.leoschule-luenen.de\/index.php\/2022\/12\/06\/der-nikolaus-war-da\/pxl_20221206_054916414\/'><img loading=\"lazy\" decoding=\"async\" width=\"169\" height=\"300\" src=\"https:\/\/www.leoschule-luenen.de\/wp-content\/uploads\/2022\/12\/PXL_20221206_054916414-169x300.jpg\" class=\"attachment-medium size-medium\" alt=\"\" srcset=\"https:\/\/www.leoschule-luenen.de\/wp-content\/uploads\/2022\/12\/PXL_20221206_054916414-169x300.jpg 169w, https:\/\/www.leoschule-luenen.de\/wp-content\/uploads\/2022\/12\/PXL_20221206_054916414-576x1024.jpg 576w, https:\/\/www.leoschule-luenen.de\/wp-content\/uploads\/2022\/12\/PXL_20221206_054916414-768x1365.jpg 768w, https:\/\/www.leoschule-luenen.de\/wp-content\/uploads\/2022\/12\/PXL_20221206_054916414-864x1536.jpg 864w, https:\/\/www.leoschule-luenen.de\/wp-content\/uploads\/2022\/12\/PXL_20221206_054916414-1152x2048.jpg 1152w, https:\/\/www.leoschule-luenen.de\/wp-content\/uploads\/2022\/12\/PXL_20221206_054916414-scaled.jpg 1440w\" sizes=\"auto, (max-width: 169px) 100vw, 169px\" \/><\/a>\n\t\t\t<\/div><\/figure><figure class='gallery-item'>\n\t\t\t<div class='gallery-icon portrait'>\n\t\t\t\t<a href='https:\/\/www.leoschule-luenen.de\/index.php\/2022\/12\/06\/der-nikolaus-war-da\/pxl_20221206_065856564\/'><img loading=\"lazy\" decoding=\"async\" width=\"169\" height=\"300\" src=\"https:\/\/www.leoschule-luenen.de\/wp-content\/uploads\/2022\/12\/PXL_20221206_065856564-169x300.jpg\" class=\"attachment-medium size-medium\" alt=\"\" aria-describedby=\"gallery-1-1230\" srcset=\"https:\/\/www.leoschule-luenen.de\/wp-content\/uploads\/2022\/12\/PXL_20221206_065856564-169x300.jpg 169w, https:\/\/www.leoschule-luenen.de\/wp-content\/uploads\/2022\/12\/PXL_20221206_065856564-576x1024.jpg 576w, https:\/\/www.leoschule-luenen.de\/wp-content\/uploads\/2022\/12\/PXL_20221206_065856564-768x1365.jpg 768w, https:\/\/www.leoschule-luenen.de\/wp-content\/uploads\/2022\/12\/PXL_20221206_065856564-864x1536.jpg 864w, https:\/\/www.leoschule-luenen.de\/wp-content\/uploads\/2022\/12\/PXL_20221206_065856564-1152x2048.jpg 1152w, https:\/\/www.leoschule-luenen.de\/wp-content\/uploads\/2022\/12\/PXL_20221206_065856564-scaled.jpg 1440w\" sizes=\"auto, (max-width: 169px) 100vw, 169px\" \/><\/a>\n\t\t\t<\/div>\n\t\t\t\t<figcaption class='wp-caption-text gallery-caption' id='gallery-1-1230'>\n\t\t\t\tDie muss der heilige Nikolaus wohl mitgebracht haben. \n\t\t\t\t<\/figcaption><\/figure>\n\t\t<\/div>\n<\/div><\/div><\/div><\/div><\/div>\n\n<div id=\"pl-gb1222-69f410bcb4fd7\"  class=\"panel-layout\" ><div id=\"pg-gb1222-69f410bcb4fd7-0\"  class=\"panel-grid panel-no-style\" ><div id=\"pgc-gb1222-69f410bcb4fd7-0-0\"  class=\"panel-grid-cell\" ><div id=\"panel-gb1222-69f410bcb4fd7-0-0-0\" class=\"so-panel widget widget_sow-slider panel-first-child panel-last-child\" data-index=\"0\" ><div\n\t\t\t\n\t\t\tclass=\"so-widget-sow-slider so-widget-sow-slider-default-6d39609536fd-1222\"\n\t\t\t\n\t\t>\t\t\t\t<div class=\"sow-slider-base\" style=\"display: none\" tabindex=\"0\">\n\t\t\t\t\t<ul\n\t\t\t\t\tclass=\"sow-slider-images\"\n\t\t\t\t\tdata-settings=\"{&quot;pagination&quot;:true,&quot;speed&quot;:800,&quot;timeout&quot;:8000,&quot;paused&quot;:false,&quot;pause_on_hover&quot;:false,&quot;swipe&quot;:true,&quot;nav_always_show_desktop&quot;:&quot;&quot;,&quot;nav_always_show_mobile&quot;:&quot;&quot;,&quot;breakpoint&quot;:&quot;780px&quot;,&quot;unmute&quot;:false,&quot;anchor&quot;:null}\"\n\t\t\t\t\t\t\t\t\t\tdata-anchor-id=\"\"\n\t\t\t\t>\t\t<li class=\"sow-slider-image\" style=\"visibility: visible;\" >\n\t\t\t\t\t\t\t\t<\/li>\n\t\t<\/ul>\t\t\t\t<ol class=\"sow-slider-pagination\">\n\t\t\t\t\t\t\t\t\t\t\t<li><a href=\"#\" data-goto=\"0\" aria-label=\"Display slide 1\"><\/a><\/li>\n\t\t\t\t\t\t\t\t\t<\/ol>\n\n\t\t\t\t<div class=\"sow-slide-nav sow-slide-nav-next\">\n\t\t\t\t\t<a href=\"#\" data-goto=\"next\" aria-label=\"Next slide\" data-action=\"next\">\n\t\t\t\t\t\t<em class=\"sow-sld-icon-thin-right\"><\/em>\n\t\t\t\t\t<\/a>\n\t\t\t\t<\/div>\n\n\t\t\t\t<div class=\"sow-slide-nav sow-slide-nav-prev\">\n\t\t\t\t\t<a href=\"#\" data-goto=\"previous\" aria-label=\"Previous slide\" data-action=\"prev\">\n\t\t\t\t\t\t<em class=\"sow-sld-icon-thin-left\"><\/em>\n\t\t\t\t\t<\/a>\n\t\t\t\t<\/div>\n\t\t\t\t<\/div><\/div><\/div><\/div><\/div><\/div>","protected":false},"excerpt":{"rendered":"","protected":false},"author":2,"featured_media":0,"comment_status":"closed","ping_status":"closed","sticky":false,"template":"","format":"standard","meta":{"site-sidebar-layout":"default","site-content-layout":"","ast-site-content-layout":"default","site-content-style":"default","site-sidebar-style":"default","ast-global-header-display":"","ast-banner-title-visibility":"","ast-main-header-display":"","ast-hfb-above-header-display":"","ast-hfb-below-header-display":"","ast-hfb-mobile-header-display":"","site-post-title":"","ast-breadcrumbs-content":"","ast-featured-img":"","footer-sml-layout":"","ast-disable-related-posts":"","theme-transparent-header-meta":"","adv-header-id-meta":"","stick-header-meta":"","header-above-stick-meta":"","header-main-stick-meta":"","header-below-stick-meta":"","astra-migrate-meta-layouts":"default","ast-page-background-enabled":"default","ast-page-background-meta":{"desktop":{"background-color":"var(--ast-global-color-4)","background-image":"","background-repeat":"repeat","background-position":"center center","background-size":"auto","background-attachment":"scroll","background-type":"","background-media":"","overlay-type":"","overlay-color":"","overlay-opacity":"","overlay-gradient":""},"tablet":{"background-color":"","background-image":"","background-repeat":"repeat","background-position":"center center","background-size":"auto","background-attachment":"scroll","background-type":"","background-media":"","overlay-type":"","overlay-color":"","overlay-opacity":"","overlay-gradient":""},"mobile":{"background-color":"","background-image":"","background-repeat":"repeat","background-position":"center center","background-size":"auto","background-attachment":"scroll","background-type":"","background-media":"","overlay-type":"","overlay-color":"","overlay-opacity":"","overlay-gradient":""}},"ast-content-background-meta":{"desktop":{"background-color":"var(--ast-global-color-5)","background-image":"","background-repeat":"repeat","background-position":"center center","background-size":"auto","background-attachment":"scroll","background-type":"","background-media":"","overlay-type":"","overlay-color":"","overlay-opacity":"","overlay-gradient":""},"tablet":{"background-color":"var(--ast-global-color-5)","background-image":"","background-repeat":"repeat","background-position":"center center","background-size":"auto","background-attachment":"scroll","background-type":"","background-media":"","overlay-type":"","overlay-color":"","overlay-opacity":"","overlay-gradient":""},"mobile":{"background-color":"var(--ast-global-color-5)","background-image":"","background-repeat":"repeat","background-position":"center center","background-size":"auto","background-attachment":"scroll","background-type":"","background-media":"","overlay-type":"","overlay-color":"","overlay-opacity":"","overlay-gradient":""}},"footnotes":""},"categories":[26,5,27,11],"tags":[],"class_list":["post-1222","post","type-post","status-publish","format-standard","hentry","category-advent","category-schulleben","category-nikolaus","category-weihnachten"],"yoast_head":"<!-- This site is optimized with the Yoast SEO plugin v27.5 - https:\/\/yoast.com\/product\/yoast-seo-wordpress\/ -->\n<title>Der Nikolaus war da! - Leoschule L\u00fcnen<\/title>\n<meta name=\"robots\" content=\"index, follow, max-snippet:-1, max-image-preview:large, max-video-preview:-1\" \/>\n<link rel=\"canonical\" href=\"https:\/\/www.leoschule-luenen.de\/index.php\/2022\/12\/06\/der-nikolaus-war-da\/\" \/>\n<meta property=\"og:locale\" content=\"de_DE\" \/>\n<meta property=\"og:type\" content=\"article\" \/>\n<meta property=\"og:title\" content=\"Der Nikolaus war da! - Leoschule L\u00fcnen\" \/>\n<meta property=\"og:url\" content=\"https:\/\/www.leoschule-luenen.de\/index.php\/2022\/12\/06\/der-nikolaus-war-da\/\" \/>\n<meta property=\"og:site_name\" content=\"Leoschule L\u00fcnen\" \/>\n<meta property=\"article:published_time\" content=\"2022-12-06T07:46:22+00:00\" \/>\n<meta property=\"article:modified_time\" content=\"2022-12-06T07:59:33+00:00\" \/>\n<meta property=\"og:image\" content=\"https:\/\/www.leoschule-luenen.de\/wp-content\/uploads\/2022\/12\/PXL_20221206_053615553-169x300.jpg\" \/>\n<meta name=\"author\" content=\"Matthias Flechtner\" \/>\n<meta name=\"twitter:card\" content=\"summary_large_image\" \/>\n<meta name=\"twitter:label1\" content=\"Verfasst von\" \/>\n\t<meta name=\"twitter:data1\" content=\"Matthias Flechtner\" \/>\n\t<meta name=\"twitter:label2\" content=\"Gesch\u00e4tzte Lesezeit\" \/>\n\t<meta name=\"twitter:data2\" content=\"2\u00a0Minuten\" \/>\n<script type=\"application\/ld+json\" class=\"yoast-schema-graph\">{\"@context\":\"https:\\\/\\\/schema.org\",\"@graph\":[{\"@type\":\"Article\",\"@id\":\"https:\\\/\\\/www.leoschule-luenen.de\\\/index.php\\\/2022\\\/12\\\/06\\\/der-nikolaus-war-da\\\/#article\",\"isPartOf\":{\"@id\":\"https:\\\/\\\/www.leoschule-luenen.de\\\/index.php\\\/2022\\\/12\\\/06\\\/der-nikolaus-war-da\\\/\"},\"author\":{\"name\":\"Matthias Flechtner\",\"@id\":\"https:\\\/\\\/www.leoschule-luenen.de\\\/#\\\/schema\\\/person\\\/c64ca8354516ce974881b35010f52893\"},\"headline\":\"Der Nikolaus war da!\",\"datePublished\":\"2022-12-06T07:46:22+00:00\",\"dateModified\":\"2022-12-06T07:59:33+00:00\",\"mainEntityOfPage\":{\"@id\":\"https:\\\/\\\/www.leoschule-luenen.de\\\/index.php\\\/2022\\\/12\\\/06\\\/der-nikolaus-war-da\\\/\"},\"wordCount\":45,\"publisher\":{\"@id\":\"https:\\\/\\\/www.leoschule-luenen.de\\\/#organization\"},\"image\":{\"@id\":\"https:\\\/\\\/www.leoschule-luenen.de\\\/index.php\\\/2022\\\/12\\\/06\\\/der-nikolaus-war-da\\\/#primaryimage\"},\"thumbnailUrl\":\"https:\\\/\\\/www.leoschule-luenen.de\\\/wp-content\\\/uploads\\\/2022\\\/12\\\/PXL_20221206_053615553-169x300.jpg\",\"articleSection\":[\"Advent\",\"Aktuelles aus dem Schulleben\",\"Nikolaus\",\"Weihnachten\"],\"inLanguage\":\"de\"},{\"@type\":\"WebPage\",\"@id\":\"https:\\\/\\\/www.leoschule-luenen.de\\\/index.php\\\/2022\\\/12\\\/06\\\/der-nikolaus-war-da\\\/\",\"url\":\"https:\\\/\\\/www.leoschule-luenen.de\\\/index.php\\\/2022\\\/12\\\/06\\\/der-nikolaus-war-da\\\/\",\"name\":\"Der Nikolaus war da! - Leoschule L\u00fcnen\",\"isPartOf\":{\"@id\":\"https:\\\/\\\/www.leoschule-luenen.de\\\/#website\"},\"primaryImageOfPage\":{\"@id\":\"https:\\\/\\\/www.leoschule-luenen.de\\\/index.php\\\/2022\\\/12\\\/06\\\/der-nikolaus-war-da\\\/#primaryimage\"},\"image\":{\"@id\":\"https:\\\/\\\/www.leoschule-luenen.de\\\/index.php\\\/2022\\\/12\\\/06\\\/der-nikolaus-war-da\\\/#primaryimage\"},\"thumbnailUrl\":\"https:\\\/\\\/www.leoschule-luenen.de\\\/wp-content\\\/uploads\\\/2022\\\/12\\\/PXL_20221206_053615553-169x300.jpg\",\"datePublished\":\"2022-12-06T07:46:22+00:00\",\"dateModified\":\"2022-12-06T07:59:33+00:00\",\"breadcrumb\":{\"@id\":\"https:\\\/\\\/www.leoschule-luenen.de\\\/index.php\\\/2022\\\/12\\\/06\\\/der-nikolaus-war-da\\\/#breadcrumb\"},\"inLanguage\":\"de\",\"potentialAction\":[{\"@type\":\"ReadAction\",\"target\":[\"https:\\\/\\\/www.leoschule-luenen.de\\\/index.php\\\/2022\\\/12\\\/06\\\/der-nikolaus-war-da\\\/\"]}]},{\"@type\":\"ImageObject\",\"inLanguage\":\"de\",\"@id\":\"https:\\\/\\\/www.leoschule-luenen.de\\\/index.php\\\/2022\\\/12\\\/06\\\/der-nikolaus-war-da\\\/#primaryimage\",\"url\":\"https:\\\/\\\/www.leoschule-luenen.de\\\/wp-content\\\/uploads\\\/2022\\\/12\\\/PXL_20221206_053615553-169x300.jpg\",\"contentUrl\":\"https:\\\/\\\/www.leoschule-luenen.de\\\/wp-content\\\/uploads\\\/2022\\\/12\\\/PXL_20221206_053615553-169x300.jpg\"},{\"@type\":\"BreadcrumbList\",\"@id\":\"https:\\\/\\\/www.leoschule-luenen.de\\\/index.php\\\/2022\\\/12\\\/06\\\/der-nikolaus-war-da\\\/#breadcrumb\",\"itemListElement\":[{\"@type\":\"ListItem\",\"position\":1,\"name\":\"Startseite\",\"item\":\"https:\\\/\\\/www.leoschule-luenen.de\\\/\"},{\"@type\":\"ListItem\",\"position\":2,\"name\":\"Der Nikolaus war da!\"}]},{\"@type\":\"WebSite\",\"@id\":\"https:\\\/\\\/www.leoschule-luenen.de\\\/#website\",\"url\":\"https:\\\/\\\/www.leoschule-luenen.de\\\/\",\"name\":\"Leoschule L\u00fcnen\",\"description\":\"St\u00e4dtische Katholische Grundschule\",\"publisher\":{\"@id\":\"https:\\\/\\\/www.leoschule-luenen.de\\\/#organization\"},\"potentialAction\":[{\"@type\":\"SearchAction\",\"target\":{\"@type\":\"EntryPoint\",\"urlTemplate\":\"https:\\\/\\\/www.leoschule-luenen.de\\\/?s={search_term_string}\"},\"query-input\":{\"@type\":\"PropertyValueSpecification\",\"valueRequired\":true,\"valueName\":\"search_term_string\"}}],\"inLanguage\":\"de\"},{\"@type\":\"Organization\",\"@id\":\"https:\\\/\\\/www.leoschule-luenen.de\\\/#organization\",\"name\":\"Leoschule\",\"url\":\"https:\\\/\\\/www.leoschule-luenen.de\\\/\",\"logo\":{\"@type\":\"ImageObject\",\"inLanguage\":\"de\",\"@id\":\"https:\\\/\\\/www.leoschule-luenen.de\\\/#\\\/schema\\\/logo\\\/image\\\/\",\"url\":\"https:\\\/\\\/www.leoschule-luenen.de\\\/wp-content\\\/uploads\\\/2021\\\/09\\\/cropped-LeoLogo-2.jpg\",\"contentUrl\":\"https:\\\/\\\/www.leoschule-luenen.de\\\/wp-content\\\/uploads\\\/2021\\\/09\\\/cropped-LeoLogo-2.jpg\",\"width\":342,\"height\":342,\"caption\":\"Leoschule\"},\"image\":{\"@id\":\"https:\\\/\\\/www.leoschule-luenen.de\\\/#\\\/schema\\\/logo\\\/image\\\/\"}},{\"@type\":\"Person\",\"@id\":\"https:\\\/\\\/www.leoschule-luenen.de\\\/#\\\/schema\\\/person\\\/c64ca8354516ce974881b35010f52893\",\"name\":\"Matthias Flechtner\",\"image\":{\"@type\":\"ImageObject\",\"inLanguage\":\"de\",\"@id\":\"https:\\\/\\\/secure.gravatar.com\\\/avatar\\\/fade5f187d3134e023de697214f8b9fd73e0c80e0e8f303d3df55264c0dbcd59?s=96&d=mm&r=g\",\"url\":\"https:\\\/\\\/secure.gravatar.com\\\/avatar\\\/fade5f187d3134e023de697214f8b9fd73e0c80e0e8f303d3df55264c0dbcd59?s=96&d=mm&r=g\",\"contentUrl\":\"https:\\\/\\\/secure.gravatar.com\\\/avatar\\\/fade5f187d3134e023de697214f8b9fd73e0c80e0e8f303d3df55264c0dbcd59?s=96&d=mm&r=g\",\"caption\":\"Matthias Flechtner\"}}]}<\/script>\n<!-- \/ Yoast SEO plugin. -->","yoast_head_json":{"title":"Der Nikolaus war da! - Leoschule L\u00fcnen","robots":{"index":"index","follow":"follow","max-snippet":"max-snippet:-1","max-image-preview":"max-image-preview:large","max-video-preview":"max-video-preview:-1"},"canonical":"https:\/\/www.leoschule-luenen.de\/index.php\/2022\/12\/06\/der-nikolaus-war-da\/","og_locale":"de_DE","og_type":"article","og_title":"Der Nikolaus war da! - Leoschule L\u00fcnen","og_url":"https:\/\/www.leoschule-luenen.de\/index.php\/2022\/12\/06\/der-nikolaus-war-da\/","og_site_name":"Leoschule L\u00fcnen","article_published_time":"2022-12-06T07:46:22+00:00","article_modified_time":"2022-12-06T07:59:33+00:00","og_image":[{"url":"https:\/\/www.leoschule-luenen.de\/wp-content\/uploads\/2022\/12\/PXL_20221206_053615553-169x300.jpg","type":"","width":"","height":""}],"author":"Matthias Flechtner","twitter_card":"summary_large_image","twitter_misc":{"Verfasst von":"Matthias Flechtner","Gesch\u00e4tzte Lesezeit":"2\u00a0Minuten"},"schema":{"@context":"https:\/\/schema.org","@graph":[{"@type":"Article","@id":"https:\/\/www.leoschule-luenen.de\/index.php\/2022\/12\/06\/der-nikolaus-war-da\/#article","isPartOf":{"@id":"https:\/\/www.leoschule-luenen.de\/index.php\/2022\/12\/06\/der-nikolaus-war-da\/"},"author":{"name":"Matthias Flechtner","@id":"https:\/\/www.leoschule-luenen.de\/#\/schema\/person\/c64ca8354516ce974881b35010f52893"},"headline":"Der Nikolaus war da!","datePublished":"2022-12-06T07:46:22+00:00","dateModified":"2022-12-06T07:59:33+00:00","mainEntityOfPage":{"@id":"https:\/\/www.leoschule-luenen.de\/index.php\/2022\/12\/06\/der-nikolaus-war-da\/"},"wordCount":45,"publisher":{"@id":"https:\/\/www.leoschule-luenen.de\/#organization"},"image":{"@id":"https:\/\/www.leoschule-luenen.de\/index.php\/2022\/12\/06\/der-nikolaus-war-da\/#primaryimage"},"thumbnailUrl":"https:\/\/www.leoschule-luenen.de\/wp-content\/uploads\/2022\/12\/PXL_20221206_053615553-169x300.jpg","articleSection":["Advent","Aktuelles aus dem Schulleben","Nikolaus","Weihnachten"],"inLanguage":"de"},{"@type":"WebPage","@id":"https:\/\/www.leoschule-luenen.de\/index.php\/2022\/12\/06\/der-nikolaus-war-da\/","url":"https:\/\/www.leoschule-luenen.de\/index.php\/2022\/12\/06\/der-nikolaus-war-da\/","name":"Der Nikolaus war da! - Leoschule L\u00fcnen","isPartOf":{"@id":"https:\/\/www.leoschule-luenen.de\/#website"},"primaryImageOfPage":{"@id":"https:\/\/www.leoschule-luenen.de\/index.php\/2022\/12\/06\/der-nikolaus-war-da\/#primaryimage"},"image":{"@id":"https:\/\/www.leoschule-luenen.de\/index.php\/2022\/12\/06\/der-nikolaus-war-da\/#primaryimage"},"thumbnailUrl":"https:\/\/www.leoschule-luenen.de\/wp-content\/uploads\/2022\/12\/PXL_20221206_053615553-169x300.jpg","datePublished":"2022-12-06T07:46:22+00:00","dateModified":"2022-12-06T07:59:33+00:00","breadcrumb":{"@id":"https:\/\/www.leoschule-luenen.de\/index.php\/2022\/12\/06\/der-nikolaus-war-da\/#breadcrumb"},"inLanguage":"de","potentialAction":[{"@type":"ReadAction","target":["https:\/\/www.leoschule-luenen.de\/index.php\/2022\/12\/06\/der-nikolaus-war-da\/"]}]},{"@type":"ImageObject","inLanguage":"de","@id":"https:\/\/www.leoschule-luenen.de\/index.php\/2022\/12\/06\/der-nikolaus-war-da\/#primaryimage","url":"https:\/\/www.leoschule-luenen.de\/wp-content\/uploads\/2022\/12\/PXL_20221206_053615553-169x300.jpg","contentUrl":"https:\/\/www.leoschule-luenen.de\/wp-content\/uploads\/2022\/12\/PXL_20221206_053615553-169x300.jpg"},{"@type":"BreadcrumbList","@id":"https:\/\/www.leoschule-luenen.de\/index.php\/2022\/12\/06\/der-nikolaus-war-da\/#breadcrumb","itemListElement":[{"@type":"ListItem","position":1,"name":"Startseite","item":"https:\/\/www.leoschule-luenen.de\/"},{"@type":"ListItem","position":2,"name":"Der Nikolaus war da!"}]},{"@type":"WebSite","@id":"https:\/\/www.leoschule-luenen.de\/#website","url":"https:\/\/www.leoschule-luenen.de\/","name":"Leoschule L\u00fcnen","description":"St\u00e4dtische Katholische Grundschule","publisher":{"@id":"https:\/\/www.leoschule-luenen.de\/#organization"},"potentialAction":[{"@type":"SearchAction","target":{"@type":"EntryPoint","urlTemplate":"https:\/\/www.leoschule-luenen.de\/?s={search_term_string}"},"query-input":{"@type":"PropertyValueSpecification","valueRequired":true,"valueName":"search_term_string"}}],"inLanguage":"de"},{"@type":"Organization","@id":"https:\/\/www.leoschule-luenen.de\/#organization","name":"Leoschule","url":"https:\/\/www.leoschule-luenen.de\/","logo":{"@type":"ImageObject","inLanguage":"de","@id":"https:\/\/www.leoschule-luenen.de\/#\/schema\/logo\/image\/","url":"https:\/\/www.leoschule-luenen.de\/wp-content\/uploads\/2021\/09\/cropped-LeoLogo-2.jpg","contentUrl":"https:\/\/www.leoschule-luenen.de\/wp-content\/uploads\/2021\/09\/cropped-LeoLogo-2.jpg","width":342,"height":342,"caption":"Leoschule"},"image":{"@id":"https:\/\/www.leoschule-luenen.de\/#\/schema\/logo\/image\/"}},{"@type":"Person","@id":"https:\/\/www.leoschule-luenen.de\/#\/schema\/person\/c64ca8354516ce974881b35010f52893","name":"Matthias Flechtner","image":{"@type":"ImageObject","inLanguage":"de","@id":"https:\/\/secure.gravatar.com\/avatar\/fade5f187d3134e023de697214f8b9fd73e0c80e0e8f303d3df55264c0dbcd59?s=96&d=mm&r=g","url":"https:\/\/secure.gravatar.com\/avatar\/fade5f187d3134e023de697214f8b9fd73e0c80e0e8f303d3df55264c0dbcd59?s=96&d=mm&r=g","contentUrl":"https:\/\/secure.gravatar.com\/avatar\/fade5f187d3134e023de697214f8b9fd73e0c80e0e8f303d3df55264c0dbcd59?s=96&d=mm&r=g","caption":"Matthias Flechtner"}}]}},"_links":{"self":[{"href":"https:\/\/www.leoschule-luenen.de\/index.php\/wp-json\/wp\/v2\/posts\/1222","targetHints":{"allow":["GET"]}}],"collection":[{"href":"https:\/\/www.leoschule-luenen.de\/index.php\/wp-json\/wp\/v2\/posts"}],"about":[{"href":"https:\/\/www.leoschule-luenen.de\/index.php\/wp-json\/wp\/v2\/types\/post"}],"author":[{"embeddable":true,"href":"https:\/\/www.leoschule-luenen.de\/index.php\/wp-json\/wp\/v2\/users\/2"}],"replies":[{"embeddable":true,"href":"https:\/\/www.leoschule-luenen.de\/index.php\/wp-json\/wp\/v2\/comments?post=1222"}],"version-history":[{"count":5,"href":"https:\/\/www.leoschule-luenen.de\/index.php\/wp-json\/wp\/v2\/posts\/1222\/revisions"}],"predecessor-version":[{"id":1237,"href":"https:\/\/www.leoschule-luenen.de\/index.php\/wp-json\/wp\/v2\/posts\/1222\/revisions\/1237"}],"wp:attachment":[{"href":"https:\/\/www.leoschule-luenen.de\/index.php\/wp-json\/wp\/v2\/media?parent=1222"}],"wp:term":[{"taxonomy":"category","embeddable":true,"href":"https:\/\/www.leoschule-luenen.de\/index.php\/wp-json\/wp\/v2\/categories?post=1222"},{"taxonomy":"post_tag","embeddable":true,"href":"https:\/\/www.leoschule-luenen.de\/index.php\/wp-json\/wp\/v2\/tags?post=1222"}],"curies":[{"name":"wp","href":"https:\/\/api.w.org\/{rel}","templated":true}]}}