{"id":1219,"date":"2022-11-24T12:16:23","date_gmt":"2022-11-24T12:16:23","guid":{"rendered":"https:\/\/www.leoschule-luenen.de\/?p=1219"},"modified":"2022-11-24T12:17:18","modified_gmt":"2022-11-24T12:17:18","slug":"weihnachtspaeckchenkonvoi-2022","status":"publish","type":"post","link":"https:\/\/www.leoschule-luenen.de\/index.php\/2022\/11\/24\/weihnachtspaeckchenkonvoi-2022\/","title":{"rendered":"Weihnachtsp\u00e4ckchenkonvoi 2022"},"content":{"rendered":"\n<p><strong>Leoschule schickt Weihnachtsp\u00e4ckchen auf die Reise nach Osteuropa<\/strong><\/p>\n\n\n\n<figure class=\"wp-block-image size-large is-resized\"><img loading=\"lazy\" decoding=\"async\" src=\"https:\/\/www.leoschule-luenen.de\/wp-content\/uploads\/2022\/11\/Konvoi2022-1024x576.jpg\" alt=\"\" class=\"wp-image-1220\" width=\"612\" height=\"344\" srcset=\"https:\/\/www.leoschule-luenen.de\/wp-content\/uploads\/2022\/11\/Konvoi2022-1024x576.jpg 1024w, https:\/\/www.leoschule-luenen.de\/wp-content\/uploads\/2022\/11\/Konvoi2022-300x169.jpg 300w, https:\/\/www.leoschule-luenen.de\/wp-content\/uploads\/2022\/11\/Konvoi2022-768x432.jpg 768w, https:\/\/www.leoschule-luenen.de\/wp-content\/uploads\/2022\/11\/Konvoi2022-1536x864.jpg 1536w, https:\/\/www.leoschule-luenen.de\/wp-content\/uploads\/2022\/11\/Konvoi2022.jpg 1733w\" sizes=\"auto, (max-width: 612px) 100vw, 612px\" \/><\/figure>\n\n\n\n<p>Am Donnerstag, 24.11. konnten die Kinder der Leoschule etwa 170 liebevoll verpackte Weihnachtsgeschenke an Alexander Bremerich und Fabian Wacker von der Organisation \u201eRound Table Unna\u201c \u00fcberreichen.<\/p>\n\n\n\n<p>Die Geschenke sind Teil des \u201eWeihnachtsp\u00e4ckchenkonvois 2022\u201c, der sich in den n\u00e4chsten Tagen auf den weiten Weg nach Rum\u00e4nien, Moldawien, Bulgarien und in die Ukraine machen wird.<\/p>\n\n\n\n<p>Viele Kinder der Leoschule haben sich unter dem Motto \u201eKinder helfen Kindern\u201c von einem ihrer gut erhaltenen Spielzeuge getrennt, um anderen Kindern, denen es nicht so gut geht, eine Weihnachtsfreude zu bereiten. &nbsp;Aufgef\u00fcllt wurden die P\u00e4ckchen dann noch mit allerlei N\u00fctzlichem wie Zahnb\u00fcrsten und Hygieneartikel aber nat\u00fcrlich auch mit S\u00fc\u00dfigkeiten.<br>\u201eDie P\u00e4ckchen kommen dort an, wo sonst keine Hilfe ankommt\u201c, betont Schulleiter Matthias Flechtner.<br>Viele Mitarbeiter von \u201cRound Table\u201c, die schon vor Ort waren, berichten, wie erstaunt und dankbar die Kinderaugen leuchten, wenn sie die Geschenke bekommen. Einige Kinder packen die Pakete tats\u00e4chlich auch erst am Heiligabend aus, da sie sonst keine Geschenke bekommen und sie sich die Vorfreude auf Weihnachten erhalten wollen!<\/p>\n\n\n\n<p>Auch am Heiligabend werden die Geschenke in den Waisenh\u00e4usern meist erst aufgemacht, wenn wirklich jedes Kind ein P\u00e4ckchen hat. Da ist kein Neid zu sp\u00fcren gewesen. Nur Freude. Es wurden Lieder gesungen und die Kinder tanzten.<\/p>\n\n\n\n<p>Die Helfer berichten z.B. auch, dass Ihnen in einem Krankenhaus ein kleines M\u00e4dchen ein Lied gesungen hat. \u201eNicht nur in diesem Moment sp\u00fcrten alle gro\u00dfe Dankbarkeit und Herzensw\u00e4rme. \u00dcberall blickten sie in die strahlenden Augen der Kinder, wenn diese die P\u00e4ckchen aufmachten: Spielzeug, S\u00fc\u00dfigkeiten, Seife, Malb\u00fccher, Zahnpasta, \u2026. \u201e<\/p>\n\n\n\n<p>Als katholische Bekenntnisschule beteiligen wir uns schon seit 2011 an der Aktion, da hier gelebte N\u00e4chstenliebe und Solidarit\u00e4t praktiziert werden. Besonders sch\u00f6n ist es, wenn sogar ehemalige Eltern und Sch\u00fcler an die Aktion denken und uns, so wie in diesem Jahr, noch P\u00e4ckchen vorbeigebracht haben. Das zeigt doch, dass diese Aktion auch nachhaltig wirkt und der Grundgedanke vom Teilen und Helfen in den K\u00f6pfen angekommen ist. Dass in diesem Jahr sogar gefl\u00fcchtete Kinder aus der Ukraine, die zurzeit die Leoschule besuchen, P\u00e4ckchen f\u00fcr die Kinder gepackt haben, die in der Ukraine geblieben sind, hat viele Kolleginnen und Kollegen tief ger\u00fchrt.<\/p>\n\n\n\n<p>Die Pakete aus dem ganzen Kreis Unna werden in den n\u00e4chsten Tagen zentral gesammelt, auf Sattelschlepper verladen und dann in einem Konvoi in die Bestimmungsl\u00e4nder transportiert.<\/p>\n\n\n\n<p>Im Jahr 2020 bestand der Konvoi aus 31 Fahrzeugen und etwa 142.000 Paketen.<\/p>\n","protected":false},"excerpt":{"rendered":"<p>Leoschule schickt Weihnachtsp\u00e4ckchen auf die Reise nach Osteuropa Am Donnerstag, 24.11. konnten die Kinder der Leoschule etwa 170 liebevoll verpackte Weihnachtsgeschenke an Alexander Bremerich und Fabian Wacker von der Organisation \u201eRound Table Unna\u201c \u00fcberreichen. Die Geschenke sind Teil des \u201eWeihnachtsp\u00e4ckchenkonvois 2022\u201c, der sich in den n\u00e4chsten Tagen auf den weiten Weg nach Rum\u00e4nien, Moldawien, Bulgarien [&hellip;]<\/p>\n","protected":false},"author":2,"featured_media":0,"comment_status":"closed","ping_status":"closed","sticky":false,"template":"","format":"standard","meta":{"site-sidebar-layout":"default","site-content-layout":"","ast-site-content-layout":"default","site-content-style":"default","site-sidebar-style":"default","ast-global-header-display":"","ast-banner-title-visibility":"","ast-main-header-display":"","ast-hfb-above-header-display":"","ast-hfb-below-header-display":"","ast-hfb-mobile-header-display":"","site-post-title":"","ast-breadcrumbs-content":"","ast-featured-img":"","footer-sml-layout":"","ast-disable-related-posts":"","theme-transparent-header-meta":"","adv-header-id-meta":"","stick-header-meta":"","header-above-stick-meta":"","header-main-stick-meta":"","header-below-stick-meta":"","astra-migrate-meta-layouts":"default","ast-page-background-enabled":"default","ast-page-background-meta":{"desktop":{"background-color":"var(--ast-global-color-4)","background-image":"","background-repeat":"repeat","background-position":"center center","background-size":"auto","background-attachment":"scroll","background-type":"","background-media":"","overlay-type":"","overlay-color":"","overlay-opacity":"","overlay-gradient":""},"tablet":{"background-color":"","background-image":"","background-repeat":"repeat","background-position":"center center","background-size":"auto","background-attachment":"scroll","background-type":"","background-media":"","overlay-type":"","overlay-color":"","overlay-opacity":"","overlay-gradient":""},"mobile":{"background-color":"","background-image":"","background-repeat":"repeat","background-position":"center center","background-size":"auto","background-attachment":"scroll","background-type":"","background-media":"","overlay-type":"","overlay-color":"","overlay-opacity":"","overlay-gradient":""}},"ast-content-background-meta":{"desktop":{"background-color":"var(--ast-global-color-5)","background-image":"","background-repeat":"repeat","background-position":"center center","background-size":"auto","background-attachment":"scroll","background-type":"","background-media":"","overlay-type":"","overlay-color":"","overlay-opacity":"","overlay-gradient":""},"tablet":{"background-color":"var(--ast-global-color-5)","background-image":"","background-repeat":"repeat","background-position":"center center","background-size":"auto","background-attachment":"scroll","background-type":"","background-media":"","overlay-type":"","overlay-color":"","overlay-opacity":"","overlay-gradient":""},"mobile":{"background-color":"var(--ast-global-color-5)","background-image":"","background-repeat":"repeat","background-position":"center center","background-size":"auto","background-attachment":"scroll","background-type":"","background-media":"","overlay-type":"","overlay-color":"","overlay-opacity":"","overlay-gradient":""}},"footnotes":""},"categories":[5,11],"tags":[25,24],"class_list":["post-1219","post","type-post","status-publish","format-standard","hentry","category-schulleben","category-weihnachten","tag-naechstenliebe","tag-weihnachten"],"yoast_head":"<!-- This site is optimized with the Yoast SEO plugin v27.5 - https:\/\/yoast.com\/product\/yoast-seo-wordpress\/ -->\n<title>Weihnachtsp\u00e4ckchenkonvoi 2022 - Leoschule L\u00fcnen<\/title>\n<meta name=\"robots\" content=\"index, follow, max-snippet:-1, max-image-preview:large, max-video-preview:-1\" \/>\n<link rel=\"canonical\" href=\"https:\/\/www.leoschule-luenen.de\/index.php\/2022\/11\/24\/weihnachtspaeckchenkonvoi-2022\/\" \/>\n<meta property=\"og:locale\" content=\"de_DE\" \/>\n<meta property=\"og:type\" content=\"article\" \/>\n<meta property=\"og:title\" content=\"Weihnachtsp\u00e4ckchenkonvoi 2022 - Leoschule L\u00fcnen\" \/>\n<meta property=\"og:description\" content=\"Leoschule schickt Weihnachtsp\u00e4ckchen auf die Reise nach Osteuropa Am Donnerstag, 24.11. konnten die Kinder der Leoschule etwa 170 liebevoll verpackte Weihnachtsgeschenke an Alexander Bremerich und Fabian Wacker von der Organisation \u201eRound Table Unna\u201c \u00fcberreichen. Die Geschenke sind Teil des \u201eWeihnachtsp\u00e4ckchenkonvois 2022\u201c, der sich in den n\u00e4chsten Tagen auf den weiten Weg nach Rum\u00e4nien, Moldawien, Bulgarien [&hellip;]\" \/>\n<meta property=\"og:url\" content=\"https:\/\/www.leoschule-luenen.de\/index.php\/2022\/11\/24\/weihnachtspaeckchenkonvoi-2022\/\" \/>\n<meta property=\"og:site_name\" content=\"Leoschule L\u00fcnen\" \/>\n<meta property=\"article:published_time\" content=\"2022-11-24T12:16:23+00:00\" \/>\n<meta property=\"article:modified_time\" content=\"2022-11-24T12:17:18+00:00\" \/>\n<meta property=\"og:image\" content=\"https:\/\/www.leoschule-luenen.de\/wp-content\/uploads\/2022\/11\/Konvoi2022-1024x576.jpg\" \/>\n<meta name=\"author\" content=\"Matthias Flechtner\" \/>\n<meta name=\"twitter:card\" content=\"summary_large_image\" \/>\n<meta name=\"twitter:label1\" content=\"Verfasst von\" \/>\n\t<meta name=\"twitter:data1\" content=\"Matthias Flechtner\" \/>\n\t<meta name=\"twitter:label2\" content=\"Gesch\u00e4tzte Lesezeit\" \/>\n\t<meta name=\"twitter:data2\" content=\"3\u00a0Minuten\" \/>\n<script type=\"application\/ld+json\" class=\"yoast-schema-graph\">{\"@context\":\"https:\\\/\\\/schema.org\",\"@graph\":[{\"@type\":\"Article\",\"@id\":\"https:\\\/\\\/www.leoschule-luenen.de\\\/index.php\\\/2022\\\/11\\\/24\\\/weihnachtspaeckchenkonvoi-2022\\\/#article\",\"isPartOf\":{\"@id\":\"https:\\\/\\\/www.leoschule-luenen.de\\\/index.php\\\/2022\\\/11\\\/24\\\/weihnachtspaeckchenkonvoi-2022\\\/\"},\"author\":{\"name\":\"Matthias Flechtner\",\"@id\":\"https:\\\/\\\/www.leoschule-luenen.de\\\/#\\\/schema\\\/person\\\/c64ca8354516ce974881b35010f52893\"},\"headline\":\"Weihnachtsp\u00e4ckchenkonvoi 2022\",\"datePublished\":\"2022-11-24T12:16:23+00:00\",\"dateModified\":\"2022-11-24T12:17:18+00:00\",\"mainEntityOfPage\":{\"@id\":\"https:\\\/\\\/www.leoschule-luenen.de\\\/index.php\\\/2022\\\/11\\\/24\\\/weihnachtspaeckchenkonvoi-2022\\\/\"},\"wordCount\":427,\"publisher\":{\"@id\":\"https:\\\/\\\/www.leoschule-luenen.de\\\/#organization\"},\"image\":{\"@id\":\"https:\\\/\\\/www.leoschule-luenen.de\\\/index.php\\\/2022\\\/11\\\/24\\\/weihnachtspaeckchenkonvoi-2022\\\/#primaryimage\"},\"thumbnailUrl\":\"https:\\\/\\\/www.leoschule-luenen.de\\\/wp-content\\\/uploads\\\/2022\\\/11\\\/Konvoi2022-1024x576.jpg\",\"keywords\":[\"N\u00e4chstenliebe\",\"Weihnachten\"],\"articleSection\":[\"Aktuelles aus dem Schulleben\",\"Weihnachten\"],\"inLanguage\":\"de\"},{\"@type\":\"WebPage\",\"@id\":\"https:\\\/\\\/www.leoschule-luenen.de\\\/index.php\\\/2022\\\/11\\\/24\\\/weihnachtspaeckchenkonvoi-2022\\\/\",\"url\":\"https:\\\/\\\/www.leoschule-luenen.de\\\/index.php\\\/2022\\\/11\\\/24\\\/weihnachtspaeckchenkonvoi-2022\\\/\",\"name\":\"Weihnachtsp\u00e4ckchenkonvoi 2022 - Leoschule L\u00fcnen\",\"isPartOf\":{\"@id\":\"https:\\\/\\\/www.leoschule-luenen.de\\\/#website\"},\"primaryImageOfPage\":{\"@id\":\"https:\\\/\\\/www.leoschule-luenen.de\\\/index.php\\\/2022\\\/11\\\/24\\\/weihnachtspaeckchenkonvoi-2022\\\/#primaryimage\"},\"image\":{\"@id\":\"https:\\\/\\\/www.leoschule-luenen.de\\\/index.php\\\/2022\\\/11\\\/24\\\/weihnachtspaeckchenkonvoi-2022\\\/#primaryimage\"},\"thumbnailUrl\":\"https:\\\/\\\/www.leoschule-luenen.de\\\/wp-content\\\/uploads\\\/2022\\\/11\\\/Konvoi2022-1024x576.jpg\",\"datePublished\":\"2022-11-24T12:16:23+00:00\",\"dateModified\":\"2022-11-24T12:17:18+00:00\",\"breadcrumb\":{\"@id\":\"https:\\\/\\\/www.leoschule-luenen.de\\\/index.php\\\/2022\\\/11\\\/24\\\/weihnachtspaeckchenkonvoi-2022\\\/#breadcrumb\"},\"inLanguage\":\"de\",\"potentialAction\":[{\"@type\":\"ReadAction\",\"target\":[\"https:\\\/\\\/www.leoschule-luenen.de\\\/index.php\\\/2022\\\/11\\\/24\\\/weihnachtspaeckchenkonvoi-2022\\\/\"]}]},{\"@type\":\"ImageObject\",\"inLanguage\":\"de\",\"@id\":\"https:\\\/\\\/www.leoschule-luenen.de\\\/index.php\\\/2022\\\/11\\\/24\\\/weihnachtspaeckchenkonvoi-2022\\\/#primaryimage\",\"url\":\"https:\\\/\\\/www.leoschule-luenen.de\\\/wp-content\\\/uploads\\\/2022\\\/11\\\/Konvoi2022.jpg\",\"contentUrl\":\"https:\\\/\\\/www.leoschule-luenen.de\\\/wp-content\\\/uploads\\\/2022\\\/11\\\/Konvoi2022.jpg\",\"width\":1733,\"height\":975},{\"@type\":\"BreadcrumbList\",\"@id\":\"https:\\\/\\\/www.leoschule-luenen.de\\\/index.php\\\/2022\\\/11\\\/24\\\/weihnachtspaeckchenkonvoi-2022\\\/#breadcrumb\",\"itemListElement\":[{\"@type\":\"ListItem\",\"position\":1,\"name\":\"Startseite\",\"item\":\"https:\\\/\\\/www.leoschule-luenen.de\\\/\"},{\"@type\":\"ListItem\",\"position\":2,\"name\":\"Weihnachtsp\u00e4ckchenkonvoi 2022\"}]},{\"@type\":\"WebSite\",\"@id\":\"https:\\\/\\\/www.leoschule-luenen.de\\\/#website\",\"url\":\"https:\\\/\\\/www.leoschule-luenen.de\\\/\",\"name\":\"Leoschule L\u00fcnen\",\"description\":\"St\u00e4dtische Katholische Grundschule\",\"publisher\":{\"@id\":\"https:\\\/\\\/www.leoschule-luenen.de\\\/#organization\"},\"potentialAction\":[{\"@type\":\"SearchAction\",\"target\":{\"@type\":\"EntryPoint\",\"urlTemplate\":\"https:\\\/\\\/www.leoschule-luenen.de\\\/?s={search_term_string}\"},\"query-input\":{\"@type\":\"PropertyValueSpecification\",\"valueRequired\":true,\"valueName\":\"search_term_string\"}}],\"inLanguage\":\"de\"},{\"@type\":\"Organization\",\"@id\":\"https:\\\/\\\/www.leoschule-luenen.de\\\/#organization\",\"name\":\"Leoschule\",\"url\":\"https:\\\/\\\/www.leoschule-luenen.de\\\/\",\"logo\":{\"@type\":\"ImageObject\",\"inLanguage\":\"de\",\"@id\":\"https:\\\/\\\/www.leoschule-luenen.de\\\/#\\\/schema\\\/logo\\\/image\\\/\",\"url\":\"https:\\\/\\\/www.leoschule-luenen.de\\\/wp-content\\\/uploads\\\/2021\\\/09\\\/cropped-LeoLogo-2.jpg\",\"contentUrl\":\"https:\\\/\\\/www.leoschule-luenen.de\\\/wp-content\\\/uploads\\\/2021\\\/09\\\/cropped-LeoLogo-2.jpg\",\"width\":342,\"height\":342,\"caption\":\"Leoschule\"},\"image\":{\"@id\":\"https:\\\/\\\/www.leoschule-luenen.de\\\/#\\\/schema\\\/logo\\\/image\\\/\"}},{\"@type\":\"Person\",\"@id\":\"https:\\\/\\\/www.leoschule-luenen.de\\\/#\\\/schema\\\/person\\\/c64ca8354516ce974881b35010f52893\",\"name\":\"Matthias Flechtner\",\"image\":{\"@type\":\"ImageObject\",\"inLanguage\":\"de\",\"@id\":\"https:\\\/\\\/secure.gravatar.com\\\/avatar\\\/fade5f187d3134e023de697214f8b9fd73e0c80e0e8f303d3df55264c0dbcd59?s=96&d=mm&r=g\",\"url\":\"https:\\\/\\\/secure.gravatar.com\\\/avatar\\\/fade5f187d3134e023de697214f8b9fd73e0c80e0e8f303d3df55264c0dbcd59?s=96&d=mm&r=g\",\"contentUrl\":\"https:\\\/\\\/secure.gravatar.com\\\/avatar\\\/fade5f187d3134e023de697214f8b9fd73e0c80e0e8f303d3df55264c0dbcd59?s=96&d=mm&r=g\",\"caption\":\"Matthias Flechtner\"}}]}<\/script>\n<!-- \/ Yoast SEO plugin. -->","yoast_head_json":{"title":"Weihnachtsp\u00e4ckchenkonvoi 2022 - Leoschule L\u00fcnen","robots":{"index":"index","follow":"follow","max-snippet":"max-snippet:-1","max-image-preview":"max-image-preview:large","max-video-preview":"max-video-preview:-1"},"canonical":"https:\/\/www.leoschule-luenen.de\/index.php\/2022\/11\/24\/weihnachtspaeckchenkonvoi-2022\/","og_locale":"de_DE","og_type":"article","og_title":"Weihnachtsp\u00e4ckchenkonvoi 2022 - Leoschule L\u00fcnen","og_description":"Leoschule schickt Weihnachtsp\u00e4ckchen auf die Reise nach Osteuropa Am Donnerstag, 24.11. konnten die Kinder der Leoschule etwa 170 liebevoll verpackte Weihnachtsgeschenke an Alexander Bremerich und Fabian Wacker von der Organisation \u201eRound Table Unna\u201c \u00fcberreichen. Die Geschenke sind Teil des \u201eWeihnachtsp\u00e4ckchenkonvois 2022\u201c, der sich in den n\u00e4chsten Tagen auf den weiten Weg nach Rum\u00e4nien, Moldawien, Bulgarien [&hellip;]","og_url":"https:\/\/www.leoschule-luenen.de\/index.php\/2022\/11\/24\/weihnachtspaeckchenkonvoi-2022\/","og_site_name":"Leoschule L\u00fcnen","article_published_time":"2022-11-24T12:16:23+00:00","article_modified_time":"2022-11-24T12:17:18+00:00","og_image":[{"url":"https:\/\/www.leoschule-luenen.de\/wp-content\/uploads\/2022\/11\/Konvoi2022-1024x576.jpg","type":"","width":"","height":""}],"author":"Matthias Flechtner","twitter_card":"summary_large_image","twitter_misc":{"Verfasst von":"Matthias Flechtner","Gesch\u00e4tzte Lesezeit":"3\u00a0Minuten"},"schema":{"@context":"https:\/\/schema.org","@graph":[{"@type":"Article","@id":"https:\/\/www.leoschule-luenen.de\/index.php\/2022\/11\/24\/weihnachtspaeckchenkonvoi-2022\/#article","isPartOf":{"@id":"https:\/\/www.leoschule-luenen.de\/index.php\/2022\/11\/24\/weihnachtspaeckchenkonvoi-2022\/"},"author":{"name":"Matthias Flechtner","@id":"https:\/\/www.leoschule-luenen.de\/#\/schema\/person\/c64ca8354516ce974881b35010f52893"},"headline":"Weihnachtsp\u00e4ckchenkonvoi 2022","datePublished":"2022-11-24T12:16:23+00:00","dateModified":"2022-11-24T12:17:18+00:00","mainEntityOfPage":{"@id":"https:\/\/www.leoschule-luenen.de\/index.php\/2022\/11\/24\/weihnachtspaeckchenkonvoi-2022\/"},"wordCount":427,"publisher":{"@id":"https:\/\/www.leoschule-luenen.de\/#organization"},"image":{"@id":"https:\/\/www.leoschule-luenen.de\/index.php\/2022\/11\/24\/weihnachtspaeckchenkonvoi-2022\/#primaryimage"},"thumbnailUrl":"https:\/\/www.leoschule-luenen.de\/wp-content\/uploads\/2022\/11\/Konvoi2022-1024x576.jpg","keywords":["N\u00e4chstenliebe","Weihnachten"],"articleSection":["Aktuelles aus dem Schulleben","Weihnachten"],"inLanguage":"de"},{"@type":"WebPage","@id":"https:\/\/www.leoschule-luenen.de\/index.php\/2022\/11\/24\/weihnachtspaeckchenkonvoi-2022\/","url":"https:\/\/www.leoschule-luenen.de\/index.php\/2022\/11\/24\/weihnachtspaeckchenkonvoi-2022\/","name":"Weihnachtsp\u00e4ckchenkonvoi 2022 - Leoschule L\u00fcnen","isPartOf":{"@id":"https:\/\/www.leoschule-luenen.de\/#website"},"primaryImageOfPage":{"@id":"https:\/\/www.leoschule-luenen.de\/index.php\/2022\/11\/24\/weihnachtspaeckchenkonvoi-2022\/#primaryimage"},"image":{"@id":"https:\/\/www.leoschule-luenen.de\/index.php\/2022\/11\/24\/weihnachtspaeckchenkonvoi-2022\/#primaryimage"},"thumbnailUrl":"https:\/\/www.leoschule-luenen.de\/wp-content\/uploads\/2022\/11\/Konvoi2022-1024x576.jpg","datePublished":"2022-11-24T12:16:23+00:00","dateModified":"2022-11-24T12:17:18+00:00","breadcrumb":{"@id":"https:\/\/www.leoschule-luenen.de\/index.php\/2022\/11\/24\/weihnachtspaeckchenkonvoi-2022\/#breadcrumb"},"inLanguage":"de","potentialAction":[{"@type":"ReadAction","target":["https:\/\/www.leoschule-luenen.de\/index.php\/2022\/11\/24\/weihnachtspaeckchenkonvoi-2022\/"]}]},{"@type":"ImageObject","inLanguage":"de","@id":"https:\/\/www.leoschule-luenen.de\/index.php\/2022\/11\/24\/weihnachtspaeckchenkonvoi-2022\/#primaryimage","url":"https:\/\/www.leoschule-luenen.de\/wp-content\/uploads\/2022\/11\/Konvoi2022.jpg","contentUrl":"https:\/\/www.leoschule-luenen.de\/wp-content\/uploads\/2022\/11\/Konvoi2022.jpg","width":1733,"height":975},{"@type":"BreadcrumbList","@id":"https:\/\/www.leoschule-luenen.de\/index.php\/2022\/11\/24\/weihnachtspaeckchenkonvoi-2022\/#breadcrumb","itemListElement":[{"@type":"ListItem","position":1,"name":"Startseite","item":"https:\/\/www.leoschule-luenen.de\/"},{"@type":"ListItem","position":2,"name":"Weihnachtsp\u00e4ckchenkonvoi 2022"}]},{"@type":"WebSite","@id":"https:\/\/www.leoschule-luenen.de\/#website","url":"https:\/\/www.leoschule-luenen.de\/","name":"Leoschule L\u00fcnen","description":"St\u00e4dtische Katholische Grundschule","publisher":{"@id":"https:\/\/www.leoschule-luenen.de\/#organization"},"potentialAction":[{"@type":"SearchAction","target":{"@type":"EntryPoint","urlTemplate":"https:\/\/www.leoschule-luenen.de\/?s={search_term_string}"},"query-input":{"@type":"PropertyValueSpecification","valueRequired":true,"valueName":"search_term_string"}}],"inLanguage":"de"},{"@type":"Organization","@id":"https:\/\/www.leoschule-luenen.de\/#organization","name":"Leoschule","url":"https:\/\/www.leoschule-luenen.de\/","logo":{"@type":"ImageObject","inLanguage":"de","@id":"https:\/\/www.leoschule-luenen.de\/#\/schema\/logo\/image\/","url":"https:\/\/www.leoschule-luenen.de\/wp-content\/uploads\/2021\/09\/cropped-LeoLogo-2.jpg","contentUrl":"https:\/\/www.leoschule-luenen.de\/wp-content\/uploads\/2021\/09\/cropped-LeoLogo-2.jpg","width":342,"height":342,"caption":"Leoschule"},"image":{"@id":"https:\/\/www.leoschule-luenen.de\/#\/schema\/logo\/image\/"}},{"@type":"Person","@id":"https:\/\/www.leoschule-luenen.de\/#\/schema\/person\/c64ca8354516ce974881b35010f52893","name":"Matthias Flechtner","image":{"@type":"ImageObject","inLanguage":"de","@id":"https:\/\/secure.gravatar.com\/avatar\/fade5f187d3134e023de697214f8b9fd73e0c80e0e8f303d3df55264c0dbcd59?s=96&d=mm&r=g","url":"https:\/\/secure.gravatar.com\/avatar\/fade5f187d3134e023de697214f8b9fd73e0c80e0e8f303d3df55264c0dbcd59?s=96&d=mm&r=g","contentUrl":"https:\/\/secure.gravatar.com\/avatar\/fade5f187d3134e023de697214f8b9fd73e0c80e0e8f303d3df55264c0dbcd59?s=96&d=mm&r=g","caption":"Matthias Flechtner"}}]}},"_links":{"self":[{"href":"https:\/\/www.leoschule-luenen.de\/index.php\/wp-json\/wp\/v2\/posts\/1219","targetHints":{"allow":["GET"]}}],"collection":[{"href":"https:\/\/www.leoschule-luenen.de\/index.php\/wp-json\/wp\/v2\/posts"}],"about":[{"href":"https:\/\/www.leoschule-luenen.de\/index.php\/wp-json\/wp\/v2\/types\/post"}],"author":[{"embeddable":true,"href":"https:\/\/www.leoschule-luenen.de\/index.php\/wp-json\/wp\/v2\/users\/2"}],"replies":[{"embeddable":true,"href":"https:\/\/www.leoschule-luenen.de\/index.php\/wp-json\/wp\/v2\/comments?post=1219"}],"version-history":[{"count":1,"href":"https:\/\/www.leoschule-luenen.de\/index.php\/wp-json\/wp\/v2\/posts\/1219\/revisions"}],"predecessor-version":[{"id":1221,"href":"https:\/\/www.leoschule-luenen.de\/index.php\/wp-json\/wp\/v2\/posts\/1219\/revisions\/1221"}],"wp:attachment":[{"href":"https:\/\/www.leoschule-luenen.de\/index.php\/wp-json\/wp\/v2\/media?parent=1219"}],"wp:term":[{"taxonomy":"category","embeddable":true,"href":"https:\/\/www.leoschule-luenen.de\/index.php\/wp-json\/wp\/v2\/categories?post=1219"},{"taxonomy":"post_tag","embeddable":true,"href":"https:\/\/www.leoschule-luenen.de\/index.php\/wp-json\/wp\/v2\/tags?post=1219"}],"curies":[{"name":"wp","href":"https:\/\/api.w.org\/{rel}","templated":true}]}}